{"id":11676,"date":"2023-10-25T11:27:24","date_gmt":"2023-10-25T14:27:24","guid":{"rendered":"https:\/\/notipampa.com\/?p=11676"},"modified":"2023-10-25T11:27:25","modified_gmt":"2023-10-25T14:27:25","slug":"el-alvear-fbc-jugara-el-torneo-regional-amateur-con-siete-equipos-mas-de-la-pampa","status":"publish","type":"post","link":"https:\/\/notipampa.com\/?p=11676","title":{"rendered":"El Alvear FBC jugar\u00e1 el Torneo Regional Amateur con siete equipos mas de La Pampa"},"content":{"rendered":"\n<p>Ocho clubes iniciar\u00e1n el fin de semana pr\u00f3ximo su participaci\u00f3n en el campeonato que organiza el Consejo Federal de F\u00fatbol y que es clasificatorio para el Federal A.<\/p>\n\n\n\n<p>El subsecretario de Deportes, Recreaci\u00f3n y Turismo del Ministerio de Desarrollo Social, Ceferino Almud\u00e9var, confirm\u00f3 que el Gobierno provincial dispondr\u00e1 ayuda econ\u00f3mica para todos los participantes durante la primera fase del torneo y que la misma se duplicar\u00e1 para quienes sigan en carrera.<br>A su vez, valor\u00f3 la presencia en uno de los clubes participantes -Costa Brava- de Marcos Gelabert, ex futbolista profesional en la Argentina y Europa, quien \u201cahora est\u00e1 aportando su experiencia para el desarrollo de la disciplina en La Pampa&#8221;.<br>Acompa\u00f1aron el lanzamiento oficial los presidentes de las ligas Cultural, Jos\u00e9 Clemente, y Pampeana, Luis Ov\u00edn, el vocal del Consejo Federal, Alfredo Iturri, adem\u00e1s de dirigentes de los clubes y los futbolistas Leo Bonivardo (Costa Brava), Juan Ayende (Belgrano), Benjam\u00edn Portillo (All Boys), Roberto Cobos (Racing), Agust\u00edn Maciel (Intendente Alvear), Franco Langhoff (General Campos), Fernando Perujo (Estudiantil), y Tob\u00edas Rosa (Winifreda).<br><br><strong>El torneo<br><\/strong>Los pampeanos integrar\u00e1n las zonas 1 y 2 de la regi\u00f3n Bonaerense Pampeana Sur.<br>En la 1 All Boys, Belgrano, Racing y Estudiantil de Castex, y en la 2 Deportivo Winifreda, Campos de Acha, Costa Brava y Alvear FBC.<br>La TV P\u00fablica Pampeana televisar\u00e1 al menos un partido por jornada. El fin de semana, ser\u00e1 Belgrano \u2013 All Boys, que se jugar\u00e1 el s\u00e1bado desde las 20:00.<\/p>\n\n\n\n<figure class=\"wp-block-gallery has-nested-images columns-default is-cropped wp-block-gallery-1 is-layout-flex wp-block-gallery-is-layout-flex\">\n<figure class=\"wp-block-image size-large\"><img fetchpriority=\"high\" decoding=\"async\" width=\"1024\" height=\"683\" data-id=\"11678\" src=\"https:\/\/notipampa.com\/wp-content\/uploads\/2023\/10\/395230316_18266127304163330_150096266398990628_n-1024x683.jpg\" alt=\"\" class=\"wp-image-11678\" srcset=\"https:\/\/notipampa.com\/wp-content\/uploads\/2023\/10\/395230316_18266127304163330_150096266398990628_n-1024x683.jpg 1024w, https:\/\/notipampa.com\/wp-content\/uploads\/2023\/10\/395230316_18266127304163330_150096266398990628_n-300x200.jpg 300w, https:\/\/notipampa.com\/wp-content\/uploads\/2023\/10\/395230316_18266127304163330_150096266398990628_n-768x512.jpg 768w, https:\/\/notipampa.com\/wp-content\/uploads\/2023\/10\/395230316_18266127304163330_150096266398990628_n.jpg 1080w\" sizes=\"(max-width: 1024px) 100vw, 1024px\" \/><\/figure>\n\n\n\n<figure class=\"wp-block-image size-large\"><img decoding=\"async\" width=\"1024\" height=\"683\" data-id=\"11679\" src=\"https:\/\/notipampa.com\/wp-content\/uploads\/2023\/10\/394508009_18266127295163330_7375035830960016938_n-1024x683.jpg\" alt=\"\" class=\"wp-image-11679\" srcset=\"https:\/\/notipampa.com\/wp-content\/uploads\/2023\/10\/394508009_18266127295163330_7375035830960016938_n-1024x683.jpg 1024w, https:\/\/notipampa.com\/wp-content\/uploads\/2023\/10\/394508009_18266127295163330_7375035830960016938_n-300x200.jpg 300w, https:\/\/notipampa.com\/wp-content\/uploads\/2023\/10\/394508009_18266127295163330_7375035830960016938_n-768x512.jpg 768w, https:\/\/notipampa.com\/wp-content\/uploads\/2023\/10\/394508009_18266127295163330_7375035830960016938_n.jpg 1080w\" sizes=\"(max-width: 1024px) 100vw, 1024px\" \/><\/figure>\n<\/figure>\n","protected":false},"excerpt":{"rendered":"<p>Ocho clubes iniciar\u00e1n el fin de semana pr\u00f3ximo su participaci\u00f3n en el campeonato que organiza el Consejo Federal de F\u00fatbol<\/p>\n","protected":false},"author":1,"featured_media":11677,"comment_status":"open","ping_status":"open","sticky":false,"template":"","format":"standard","meta":{"colormag_page_container_layout":"default_layout","colormag_page_sidebar_layout":"default_layout","footnotes":""},"categories":[10,6,8],"tags":[],"class_list":["post-11676","post","type-post","status-publish","format-standard","has-post-thumbnail","hentry","category-sports","category-locales","category-ultimas-noticias"],"_links":{"self":[{"href":"https:\/\/notipampa.com\/index.php?rest_route=\/wp\/v2\/posts\/11676","targetHints":{"allow":["GET"]}}],"collection":[{"href":"https:\/\/notipampa.com\/index.php?rest_route=\/wp\/v2\/posts"}],"about":[{"href":"https:\/\/notipampa.com\/index.php?rest_route=\/wp\/v2\/types\/post"}],"author":[{"embeddable":true,"href":"https:\/\/notipampa.com\/index.php?rest_route=\/wp\/v2\/users\/1"}],"replies":[{"embeddable":true,"href":"https:\/\/notipampa.com\/index.php?rest_route=%2Fwp%2Fv2%2Fcomments&post=11676"}],"version-history":[{"count":1,"href":"https:\/\/notipampa.com\/index.php?rest_route=\/wp\/v2\/posts\/11676\/revisions"}],"predecessor-version":[{"id":11680,"href":"https:\/\/notipampa.com\/index.php?rest_route=\/wp\/v2\/posts\/11676\/revisions\/11680"}],"wp:featuredmedia":[{"embeddable":true,"href":"https:\/\/notipampa.com\/index.php?rest_route=\/wp\/v2\/media\/11677"}],"wp:attachment":[{"href":"https:\/\/notipampa.com\/index.php?rest_route=%2Fwp%2Fv2%2Fmedia&parent=11676"}],"wp:term":[{"taxonomy":"category","embeddable":true,"href":"https:\/\/notipampa.com\/index.php?rest_route=%2Fwp%2Fv2%2Fcategories&post=11676"},{"taxonomy":"post_tag","embeddable":true,"href":"https:\/\/notipampa.com\/index.php?rest_route=%2Fwp%2Fv2%2Ftags&post=11676"}],"curies":[{"name":"wp","href":"https:\/\/api.w.org\/{rel}","templated":true}]}}