{"id":11504,"date":"2023-10-02T09:06:34","date_gmt":"2023-10-02T12:06:34","guid":{"rendered":"https:\/\/notipampa.com\/?p=11504"},"modified":"2023-10-02T09:06:35","modified_gmt":"2023-10-02T12:06:35","slug":"primer-debate-presidencial-2023","status":"publish","type":"post","link":"https:\/\/notipampa.com\/?p=11504","title":{"rendered":"Primer Debate Presidencial 2023"},"content":{"rendered":"\n<p>Sergio Massa, Patricia Bullrich, Javier Milei, Juan Schiaretti y Myriam Bregman presentaron sus propuestas sobre los tres ejes tem\u00e1ticos dispuestos por la C\u00e1mara Nacional Electoral: econom\u00eda, educaci\u00f3n y derechos humanos. Milei neg\u00f3 los 30 mil desaparecidos y hubo algunos cruces picantes.\u00a0<strong>El encuentro se realiz\u00f3 en la Universidad Nacional de Santiago del Estero y la semana pr\u00f3xima ser\u00e1 en la UBA.\u00a0<\/strong><\/p>\n\n\n\n<p>A tres semanas de las elecciones presidenciales del 22 de octubre, los cinco candidatos presidenciales participan este domingo del primer debate obligatorio, en la Universidad Nacional de Santiago del Estero, en el que disertan sobre tres ejes tem\u00e1ticos: econom\u00eda, educaci\u00f3n y derechos humanos.<\/p>\n\n\n\n<p>En este marco, se ven las caras por primera vez Sergio Massa (Uni\u00f3n por la Patria, UxP), Patricia Bullrich (Juntos por el Cambio, JxC), Javier Milei (La Libertad Avanza, LLA), Juan Schiaretti (Hacemos por Nuestro Pa\u00eds, HNP) y Myriam Bregman (Frente de Izquierda y Trabajadores-Unidad, FIT-U).<\/p>\n\n\n\n<figure class=\"wp-block-image\"><img decoding=\"async\" src=\"https:\/\/www.eldiariodelapampa.com.ar\/\/img\/publicaciones\/2023\/10\/01\/alta\/408552-t.jpg\" alt=\"\"\/><\/figure>\n\n\n\n<p>El debate presidencial tiene como moderadores a los periodistas Rodolfo Barili, Evangelina Ramallo, Esteban Mirol y Lucila Trujillo.<\/p>\n\n\n\n<p>Sergio Massa afirm\u00f3 que su propuesta es &#8220;plantear un modelo de desarrollo para salir de los problemas hist\u00f3ricos y para crecer definitivamente como pa\u00eds, con federalismo&#8221;.<\/p>\n\n\n\n<p>El candidato de UxP agreg\u00f3 que para ello no sirven &#8220;los discursos f\u00e1ciles y vac\u00edos de contenido&#8221;.<\/p>\n\n\n\n<figure class=\"wp-block-image\"><img decoding=\"async\" src=\"https:\/\/www.eldiariodelapampa.com.ar\/\/img\/publicaciones\/2023\/10\/01\/alta\/408554-t.jpg\" alt=\"\"\/><\/figure>\n\n\n\n<p>Al referirse a un eventual triunfo de MIlei, Massa dijo que ello significa &#8220;renunciar a la sangre de nuestros ca\u00eddos en Malvinas y perder la soberan\u00eda de nuestras empresas&#8221;.<\/p>\n\n\n\n<p>&#8220;El destino de las pymes est\u00e1 condenado si este se\u00f1or gobierna la Argentina&#8221;, advirti\u00f3 el candidato de Uni\u00f3n por la Patria.<\/p>\n\n\n\n<p>Asimismo, Massa, pidi\u00f3 &#8220;disculpas&#8221; por &#8220;los errores de este gobierno que lastimaron a la gente&#8221;.<\/p>\n\n\n\n<p>&#8220;No era parte hasta asumir como ministro pero pido disculpas&#8221;, dijo el candidato oficialista al iniciar su propuesta sobre econom\u00eda en el debate presidencial, en en el que anunci\u00f3 -entre otras iniciativas- una &#8220;moneda digital argentina, una ley de blanqueo para que los que que tienen dinero en el exterior lo puedan usar libremente sin nuevos impuestos y subir penas de la ley penal cambiaria y tributaria, y c\u00e1rcel a los evasores&#8221;.<\/p>\n\n\n\n<figure class=\"wp-block-image\"><img decoding=\"async\" src=\"https:\/\/www.eldiariodelapampa.com.ar\/\/img\/publicaciones\/2023\/10\/01\/alta\/408549-t.jpg\" alt=\"\"\/><\/figure>\n\n\n\n<p>En su primera intervenci\u00f3n, Milei dijo que sabe &#8220;c\u00f3mo hacer crecer la econom\u00eda, terminar con la pobreza y c\u00f3mo exterminar la inflaci\u00f3n&#8221; y afirm\u00f3 que &#8220;enfrente est\u00e1 la casta empobrecedora&#8221;.<\/p>\n\n\n\n<p>El candidato de La Libertad Avanza propuso &#8220;una reforma del Estado, bajar dr\u00e1sticamente el gasto p\u00fablico, simplificar el sistema tributario, privatizaciones para sacarnos las nefastas empresas del Estado y cerrar el Banco Central&#8221;, entre otras medidas econ\u00f3micas.<\/p>\n\n\n\n<p>&#8220;Argentina esta en decadencia, si seguimos as\u00ed en 50 a\u00f1os vamos a ser la villa miseria mas grande del mundo, estamos camino a la peor crisis argentina&#8221;, dijo Milei al hablar en el debate presidencial sobre el eje econom\u00eda.<\/p>\n\n\n\n<figure class=\"wp-block-image\"><img decoding=\"async\" src=\"https:\/\/www.eldiariodelapampa.com.ar\/\/img\/publicaciones\/2023\/10\/01\/alta\/408550-t.jpg\" alt=\"\"\/><\/figure>\n\n\n\n<p>En tanto, Myriam Bregman, afirm\u00f3 que &#8220;la crisis de la Argentina tiene responsables&#8221;, entre los que mencion\u00f3 al &#8220;FMI y los pol\u00edticos que est\u00e1n involucrados en el esc\u00e1ndalo de &#8216;Chocolate&#8217; en la Legislatura de Buenos Aires y los que se van a pasear en sus yates de lujos a Europa&#8221;.<\/p>\n\n\n\n<p>Por su parte, Patricia Bullrich dijo que &#8220;hay un pa\u00eds arrasado, donde (Sergio) Massa, presidente en funciones, hizo un desastre, y (Javier) Milei transa con lo peor de la pol\u00edtica y el sindicalismo mafioso, como Luis Barrionuevo&#8221;.<\/p>\n\n\n\n<p>&#8220;Para cambiar se necesita coraje, ya que el miedo es el peor enemigo de una gesti\u00f3n; poder pol\u00edtico propio y el apoyo de los ciudadanos&#8221;, dijo, y sostuvo que ella tiene &#8220;coraje y fuerza pol\u00edtica&#8221; para solucionar la crisis.<\/p>\n\n\n\n<figure class=\"wp-block-image\"><img decoding=\"async\" src=\"https:\/\/www.eldiariodelapampa.com.ar\/\/img\/publicaciones\/2023\/10\/01\/alta\/408551-t.jpg\" alt=\"\"\/><\/figure>\n\n\n\n<p>Bullrich acus\u00f3 a Milei de pretender hacer de la Argentina &#8220;un para\u00edso fiscal&#8221; cuando dice que quiere eliminar el Banco Central.<\/p>\n\n\n\n<p>&#8220;De todos los pa\u00edses del mundo hay tres pa\u00edses sin Banco Central, son solo tres&#8221;, entre los que mencion\u00f3 a Micronesia, que, dijo &#8220;son para\u00edsos fiscales&#8221;., dijo Bullrich, quien a\u00f1adi\u00f3 que &#8220;sin d\u00f3lares no se puede dolarizar&#8221;.<\/p>\n\n\n\n<p>A su turno, Juan Schiaretti sostuvo que es &#8220;el \u00fanico candidato que vive y trabaja en el interior&#8221; y tiene en su provincia &#8220;equilibrio fiscal, desechando la grieta&#8221;. &#8220;Los dem\u00e1s son del AMBA (Capital y Gran Buenos Aires), con responsabilidad de la rosca pol\u00edtica; por eso (los servicios) son m\u00e1s baratos&#8221; y aplican al interior &#8220;impuestos confiscatorios&#8221;, dijo.<\/p>\n\n\n\n<p>El candidato presidencial de Hacemos por Nuestro Pa\u00eds tambi\u00e9n se\u00f1al\u00f3 que &#8220;los dos \u00faltimos gobiernos destruyeron la econom\u00eda&#8221;.<\/p>\n\n\n\n<p>&#8220;El hilo conductor fue el d\u00e9ficit fiscal. Siempre gastaron m\u00e1s de lo que tienen&#8221;, asever\u00f3 el gobernador cordob\u00e9s durante el debate presidencial que se desarrolla en Santiago del Estero.<\/p>\n\n\n\n<p>Luego, Schiaretti se\u00f1al\u00f3 que &#8220;los cordobeses nunca nos dejamos colonizar por el kirchnerismo y el kirchnerismo no nos pudo colonizar&#8221;.<\/p>\n\n\n\n<p>A\u00f1adi\u00f3 que &#8220;el Gobierno de (Mauricio) Macri no cumpli\u00f3 ni el 20% de lo que prometi\u00f3 y le hicimos un juicio al gobierno kirchnerista por 210 millones de d\u00f3lares con los que no cumpli\u00f3&#8221;.<\/p>\n\n\n\n<p><strong><em>La dictadura seg\u00fan Milei.<\/em><\/strong><\/p>\n\n\n\n<p>El candidato presidencial de La Libertad Avanza afirm\u00f3 que valora &#8220;la visi\u00f3n de memoria, verdad y justicia&#8221; en materia de derechos humanos, pero dijo que &#8220;no fueron 30.000 los desaparecidos, sino 8.753&#8221;.<\/p>\n\n\n\n<p>&#8220;Estamos en contra de la visi\u00f3n tuerta de la historia. Durante los 70 hubo una guerra y las fuerzas del Estado cometieron excesos, pero los terroristas del ERP y Montoneros mataron, pusieron bombas y cometieron delitos de lesa humanidad. No estamos de acuerdo con los curros de los derechos humanos&#8221;, dijo Milei durante el debate presidencial.<\/p>\n\n\n\n<p>Por su parte, Patricia Bullrich puso en un pie de igualdad a la dictadura militar y a las organizaciones guerrilleras de d\u00e9cadas pasadas al pedir que ambos sectores &#8220;reconozcan esa tragedia tan brutal&#8221; que vivi\u00f3 la Argentina en los a\u00f1os setentas.<\/p>\n\n\n\n<p>&#8220;Aprendimos que cuando no impera la ley llegan las tragedias. Yo lo viv\u00ed, la Argentina aprendi\u00f3 mucho de eso. La \u00fanica manera de hacer pol\u00edtica en serio es en paz y en convivencia y hubo una tragedia que nunca m\u00e1s puede ocurrir en la Argentina&#8221;, dijo en el debate presidencial.<\/p>\n\n\n\n<p>En tanto, Massa pidi\u00f3 &#8220;cuidar el legado de memoria, verdad y justicia que iniciamos con el juicio a las juntas y terminamos con las condenas a los represores&#8221; y destac\u00f3 el &#8220;enorme reconocimiento internacional que permite que los argentinos seamos palabra mayor en materia de derechos humanos&#8221;.<\/p>\n\n\n\n<p>El candidato de UxP reiter\u00f3 que si gana las elecciones va a &#8220;convocar a un gobierno de unidad nacional&#8221; y agreg\u00f3: &#8220;Nadie puede sorprenderse de que est\u00e9 integrado por sindicalistas y empresarios, trabajadores y comerciantes, sectores liberares, radicales y del PRO&#8221;.<\/p>\n\n\n\n<p>A su turno, Juan Schiaretti afirm\u00f3 que &#8220;los derechos humanos son un patrimonio de los argentinos y no pueden ser utilizados por un partido pol\u00edtico&#8221;.<\/p>\n\n\n\n<p>&#8220;Yo fui dirigente pol\u00edtico durante el &#8216;Cordobazo'&#8221;, la rebeli\u00f3n en esa provincia contra la dictadura de Juan Carlos Ongan\u00eda a fines de los &#8217;60 &#8220;y recuerdo que fui v\u00edctima de un atentado y me tuve que ir del pa\u00eds&#8221;, asever\u00f3 durante el debate presidencial.<\/p>\n\n\n\n<p>A\u00f1adi\u00f3 que &#8220;en C\u00f3rdoba respetamos las instituciones y hay jueces que fueron nombrados por el radicalismo&#8221; que permanecen en sus cargos &#8220;y a m\u00ed no se me ocurrir\u00eda no acatar un fallo, como hace el Gobierno nacional y espiar, como hizo el Gobierno de (Mauricio) Macri&#8221;.<\/p>\n\n\n\n<p><strong><em>Los cruces entre los candidatos.<\/em><\/strong><\/p>\n\n\n\n<p>Javier Milei &#8220;no es un le\u00f3n, sino un gatito mimoso del poder econ\u00f3mico&#8221;. La frase lanzada por Myriam Bregman al comienzo del debate dio un adelanto de lo que ser\u00edan los cruces entre los candidatos que se han ido dando desde el comienzo del debate, alentadas por la posibilidad del derecho a r\u00e9plica&#8221;.&nbsp;<strong>A continuaci\u00f3n, algunos de los ida y vuelta m\u00e1s destacados.<\/strong><\/p>\n\n\n\n<p><strong>&#8211; Massa a Bullrich: &#8220;Me toc\u00f3 a m\u00ed devolver el 13 por ciento a los jubilados que ella les descont\u00f3&#8221;<\/strong><\/p>\n\n\n\n<p>El candidato de Uni\u00f3n por la Patria le agradeci\u00f3 a su contrincante de Juntos por el Cambio por haberle dado la &#8220;satisfacci\u00f3n m\u00e1s grande de devolver a los jubilados el 13 por ciento que ella les descont\u00f3&#8221; durante el gobierno de la Alianza que lider\u00f3 el expresidente Fernando de la R\u00faa.<\/p>\n\n\n\n<p><strong>&#8211; Bregman a Milei: &#8220;No es un le\u00f3n, sino un gatito mimoso del poder econ\u00f3mico&#8221;.<\/strong><\/p>\n\n\n\n<p>&#8220;Dice que no es casta pero hace una alianza con (el sindicalista Luis) Barrionuevo, le hace las listas (Sergio) Massa&#8230;Es empleado de los empresarios&#8221;, le dijo la postulante del FIT al libertario.<\/p>\n\n\n\n<p><strong>&#8211; Patricia Bullrich a Milei: &#8220;Quer\u00e9s hacer un para\u00edso fiscal&#8221;<\/strong><\/p>\n\n\n\n<p>La candidata de Juntos por el Cambio acus\u00f3 al libertario de pretender hacer de la Argentina &#8220;un para\u00edso fiscal&#8221; cuando dice que quiere eliminar el Banco Central.<\/p>\n\n\n\n<p>&#8220;De todos los pa\u00edses del mundo hay tres pa\u00edses sin Banco Central, son solo tres&#8221;, Micronesia, Tuvalu y Kilibati que, dijo &#8220;son para\u00edsos fiscales&#8221;. &#8220;Sin d\u00f3lares no se puede dolarizar&#8221;.<\/p>\n\n\n\n<p><strong>&#8211; Milei a Bullrich: &#8220;Se llevaron puesto al titular del Banco Central y generaron una hecatombe&#8221;<\/strong><\/p>\n\n\n\n<p>El candidato de La Libertad Avanza le cuestion\u00f3 a la postulante de JxC que &#8220;no esboz\u00f3 ninguna medida&#8221; para bajar la inflaci\u00f3n y calific\u00f3 de &#8220;chantas&#8221; a su equipo de economistas.&nbsp;<\/p>\n\n\n\n<p>&#8220;Cuando fueron gobierno se llevaron puesto el presidente del Banco Central generando una hecatombe&#8221;, le record\u00f3.<\/p>\n\n\n\n<p><strong>&#8211; Bullrich a Milei: &#8220;And\u00e1 con los vouchers a la Puna&#8221;<\/strong><\/p>\n\n\n\n<p>&#8220;And\u00e1 con los vouchers a la Puna, donde hay una escuela. Andate al sur del pa\u00eds o a cualquier lugar. No conoc\u00e9s la Argentina&#8221;, le dijo al libertario la dirigente macrista, quien tambi\u00e9n critic\u00f3 el sistema chileno que defiende Milei.<\/p>\n\n\n\n<p><strong>&#8211; Milei a Massa: &#8220;\u00bfPor qu\u00e9 no nos cuenta como va a evitar la hiperinflaci\u00f3n?&#8221;<\/strong><\/p>\n\n\n\n<p>El candidato libertario le pidi\u00f3 a su contrincante de UxP que explique &#8220;c\u00f3mo va a evitar la hiperinflaci\u00f3n en vez de contar un cuento de hadas&#8221; y dijo que &#8220;la moneda de los argentinos es impresentable&#8221;.&nbsp;<\/p>\n\n\n\n<p>&#8220;Sean patriotas, no promuevan el uso del d\u00f3lar&#8221;, le respondi\u00f3 Massa en su derecho a r\u00e9plica<\/p>\n\n\n\n<p><strong>&#8211; Bregman a Milei. &#8220;Vos defend\u00e9s a un pu\u00f1ado de ricos&#8221;<\/strong><\/p>\n\n\n\n<p>&#8220;Yo soy socialista y ustedes defienden a ultranza a un sistema capitalista que tira el 30% de la comida cuando los chicos se mueren de hambre. Defiendo a un sistema que piensa que todos los recursos de la econom\u00eda se pueden planificar&#8221;, dijo y remat\u00f3: &#8220;Vos defend\u00e9s a un pu\u00f1ado de ricos&#8221;.<\/p>\n\n\n\n<p>(T\u00e9lam)<\/p>\n","protected":false},"excerpt":{"rendered":"<p>Sergio Massa, Patricia Bullrich, Javier Milei, Juan Schiaretti y Myriam Bregman presentaron sus propuestas sobre los tres ejes tem\u00e1ticos dispuestos<\/p>\n","protected":false},"author":1,"featured_media":11505,"comment_status":"open","ping_status":"open","sticky":false,"template":"","format":"standard","meta":{"colormag_page_container_layout":"default_layout","colormag_page_sidebar_layout":"default_layout","footnotes":""},"categories":[5,7,8],"tags":[],"class_list":["post-11504","post","type-post","status-publish","format-standard","has-post-thumbnail","hentry","category-nacionales","category-politica","category-ultimas-noticias"],"_links":{"self":[{"href":"https:\/\/notipampa.com\/index.php?rest_route=\/wp\/v2\/posts\/11504","targetHints":{"allow":["GET"]}}],"collection":[{"href":"https:\/\/notipampa.com\/index.php?rest_route=\/wp\/v2\/posts"}],"about":[{"href":"https:\/\/notipampa.com\/index.php?rest_route=\/wp\/v2\/types\/post"}],"author":[{"embeddable":true,"href":"https:\/\/notipampa.com\/index.php?rest_route=\/wp\/v2\/users\/1"}],"replies":[{"embeddable":true,"href":"https:\/\/notipampa.com\/index.php?rest_route=%2Fwp%2Fv2%2Fcomments&post=11504"}],"version-history":[{"count":1,"href":"https:\/\/notipampa.com\/index.php?rest_route=\/wp\/v2\/posts\/11504\/revisions"}],"predecessor-version":[{"id":11506,"href":"https:\/\/notipampa.com\/index.php?rest_route=\/wp\/v2\/posts\/11504\/revisions\/11506"}],"wp:featuredmedia":[{"embeddable":true,"href":"https:\/\/notipampa.com\/index.php?rest_route=\/wp\/v2\/media\/11505"}],"wp:attachment":[{"href":"https:\/\/notipampa.com\/index.php?rest_route=%2Fwp%2Fv2%2Fmedia&parent=11504"}],"wp:term":[{"taxonomy":"category","embeddable":true,"href":"https:\/\/notipampa.com\/index.php?rest_route=%2Fwp%2Fv2%2Fcategories&post=11504"},{"taxonomy":"post_tag","embeddable":true,"href":"https:\/\/notipampa.com\/index.php?rest_route=%2Fwp%2Fv2%2Ftags&post=11504"}],"curies":[{"name":"wp","href":"https:\/\/api.w.org\/{rel}","templated":true}]}}