{"id":11315,"date":"2023-09-07T08:45:21","date_gmt":"2023-09-07T11:45:21","guid":{"rendered":"https:\/\/notipampa.com\/?p=11315"},"modified":"2023-09-07T08:45:22","modified_gmt":"2023-09-07T11:45:22","slug":"accidente-en-ruta-nacional-35-camion-con-31-vacunos-vuelca-tras-colision-con-automotor","status":"publish","type":"post","link":"https:\/\/notipampa.com\/?p=11315","title":{"rendered":"Accidente en ruta Nacional 35: cami\u00f3n con 31 vacunos vuelca tras colisi\u00f3n con automotor"},"content":{"rendered":"\n<p>Un grave accidente de tr\u00e1nsito tuvo lugar en la Ruta Nacional 35, a la altura del kil\u00f3metro 162, cerca del acceso a la localidad de Bernasconi. El hecho ocurri\u00f3 aproximadamente a las 11:50 horas, seg\u00fan inform\u00f3 Miguel Andr\u00e9s Villena, responsable de la comisar\u00eda de Bernasconi.<\/p>\n\n\n\n<p>Por razones que a\u00fan se investigan, un automotor marca Ford Ranger colision\u00f3 con un cami\u00f3n Ford Modelo 1723. Este \u00faltimo, que arrastraba un acoplado,&nbsp;<strong>transportaba un total de 31 animales vacunos<\/strong>. Los bovinos proven\u00edan de la localidad Teniente Origones, partido de Villarino, Buenos Aires, y<strong>&nbsp;ten\u00edan como destino el frigor\u00edfico de Trenel, La Pampa.<\/strong><\/p>\n\n\n\n<p>El impacto provoc\u00f3 el vuelco del cami\u00f3n y la liberaci\u00f3n de la totalidad de sus vacunos. El conductor del cami\u00f3n qued\u00f3 atrapado en el interior del veh\u00edculo. Afortunadamente, personal del Hospital de Bernasconi acudi\u00f3 r\u00e1pidamente al lugar y logr\u00f3 trasladar al chofer al nosocomio local.&nbsp;<strong>Se confirm\u00f3 que las lesiones sufridas por el conductor son de car\u00e1cter leve. Por otro lado, los ocupantes del veh\u00edculo menor resultaron ilesos.<\/strong><\/p>\n\n\n\n<p>Como medida preventiva, se procedi\u00f3 al secuestro de ambos veh\u00edculos involucrados con fines periciales. En el lugar del accidente trabajaron intensamente personal de la Agencia de Investigaci\u00f3n Cient\u00edfica (AIC), bomberos de Bernasconi y personal policial del destacamento Abramo y Bernasconi. El conductor del automotor menor fue notificado y qued\u00f3 a disposici\u00f3n del Ministerio P\u00fablico Fiscal con relaci\u00f3n a la presente causa.<\/p>\n\n\n\n<p>Las autoridades contin\u00faan investigando las circunstancias que llevaron a este lamentable accidente y solicitan a los conductores transitar con precauci\u00f3n por la zona.<\/p>\n\n\n\n<p>Infopico<\/p>\n","protected":false},"excerpt":{"rendered":"<p>Un grave accidente de tr\u00e1nsito tuvo lugar en la Ruta Nacional 35, a la altura del kil\u00f3metro 162, cerca del<\/p>\n","protected":false},"author":1,"featured_media":11316,"comment_status":"open","ping_status":"open","sticky":false,"template":"","format":"standard","meta":{"colormag_page_container_layout":"default_layout","colormag_page_sidebar_layout":"default_layout","footnotes":""},"categories":[56,4,8],"tags":[],"class_list":["post-11315","post","type-post","status-publish","format-standard","has-post-thumbnail","hentry","category-policiales","category-provincia","category-ultimas-noticias"],"_links":{"self":[{"href":"https:\/\/notipampa.com\/index.php?rest_route=\/wp\/v2\/posts\/11315","targetHints":{"allow":["GET"]}}],"collection":[{"href":"https:\/\/notipampa.com\/index.php?rest_route=\/wp\/v2\/posts"}],"about":[{"href":"https:\/\/notipampa.com\/index.php?rest_route=\/wp\/v2\/types\/post"}],"author":[{"embeddable":true,"href":"https:\/\/notipampa.com\/index.php?rest_route=\/wp\/v2\/users\/1"}],"replies":[{"embeddable":true,"href":"https:\/\/notipampa.com\/index.php?rest_route=%2Fwp%2Fv2%2Fcomments&post=11315"}],"version-history":[{"count":1,"href":"https:\/\/notipampa.com\/index.php?rest_route=\/wp\/v2\/posts\/11315\/revisions"}],"predecessor-version":[{"id":11317,"href":"https:\/\/notipampa.com\/index.php?rest_route=\/wp\/v2\/posts\/11315\/revisions\/11317"}],"wp:featuredmedia":[{"embeddable":true,"href":"https:\/\/notipampa.com\/index.php?rest_route=\/wp\/v2\/media\/11316"}],"wp:attachment":[{"href":"https:\/\/notipampa.com\/index.php?rest_route=%2Fwp%2Fv2%2Fmedia&parent=11315"}],"wp:term":[{"taxonomy":"category","embeddable":true,"href":"https:\/\/notipampa.com\/index.php?rest_route=%2Fwp%2Fv2%2Fcategories&post=11315"},{"taxonomy":"post_tag","embeddable":true,"href":"https:\/\/notipampa.com\/index.php?rest_route=%2Fwp%2Fv2%2Ftags&post=11315"}],"curies":[{"name":"wp","href":"https:\/\/api.w.org\/{rel}","templated":true}]}}