{"id":11309,"date":"2023-09-06T18:14:05","date_gmt":"2023-09-06T21:14:05","guid":{"rendered":"https:\/\/notipampa.com\/?p=11309"},"modified":"2023-09-06T18:14:07","modified_gmt":"2023-09-06T21:14:07","slug":"el-alvearense-pablo-suarez-expondra-una-impactante-muestra-fotografica-en-la-casa-de-la-pampa-en-caba","status":"publish","type":"post","link":"https:\/\/notipampa.com\/?p=11309","title":{"rendered":"El alvearense Pablo Su\u00e1rez expondr\u00e1 una impactante muestra fotogr\u00e1fica en La Casa de La Pampa en CABA"},"content":{"rendered":"\n<p>En el marco del esperado ciclo de Artes Visuales 2023, Casa de La Pampa se enorgullece en presentar la emocionante exhibici\u00f3n &#8220;Los Cueros de Peluko Panic&#8221; del reconocido fot\u00f3grafo alvearense, Pablo Su\u00e1rez. La inauguraci\u00f3n de esta destacada muestra tendr\u00e1 lugar el jueves 7 de septiembre a las 20:00, en la sede de Casa de La Pampa, ubicada en Suipacha 346, CABA. El cierre del evento estar\u00e1 a cargo de los talentosos m\u00fasicos Miguel S\u00e1nchez, Ver\u00f3nica Baraybar y Camilo S\u00e1nchez, con entrada libre y gratuita.<\/p>\n\n\n\n<figure class=\"wp-block-image size-full is-resized\"><img fetchpriority=\"high\" decoding=\"async\" src=\"https:\/\/notipampa.com\/wp-content\/uploads\/2023\/09\/Captura-5.png\" alt=\"\" class=\"wp-image-11312\" style=\"width:1036px;height:824px\" width=\"1036\" height=\"824\" srcset=\"https:\/\/notipampa.com\/wp-content\/uploads\/2023\/09\/Captura-5.png 739w, https:\/\/notipampa.com\/wp-content\/uploads\/2023\/09\/Captura-5-300x239.png 300w\" sizes=\"(max-width: 1036px) 100vw, 1036px\" \/><\/figure>\n\n\n\n<p><strong>Explorando el Arte en Tiempos de Pandemia<\/strong><\/p>\n\n\n\n<p>&#8220;Los Cueros de Peluko Panic&#8221; es una expresi\u00f3n art\u00edstica que captura el estado emocional del fot\u00f3grafo pampeano Pablo Su\u00e1rez, desde el inicio de la pandemia. En esta exhibici\u00f3n, Su\u00e1rez se aparta de la perspectiva tradicional para enfocarse en el lado art\u00edstico de la fotograf\u00eda. Tras tres a\u00f1os de muestras canceladas y obras sin ver la luz, el fot\u00f3grafo regresa con una exposici\u00f3n que abarca el antes, el durante y el despu\u00e9s del Covid-19.<\/p>\n\n\n\n<p>Pablo Su\u00e1rez, originario de Intendente Alvear, comenz\u00f3 su amor por la fotograf\u00eda a una edad temprana, cuando su madre le regal\u00f3 su primera c\u00e1mara a los 8 a\u00f1os. A lo largo de su carrera, se ha formado con distinguidos fot\u00f3grafos como Sebasti\u00e1n Ludue\u00f1a, adem\u00e1s de tomar cursos de especializaci\u00f3n con Santiago Fern\u00e1ndez Pello y Ra\u00fal Villalba, entre otros.<\/p>\n\n\n\n<p>Su\u00e1rez ha participado en numerosas muestras colectivas e individuales, dejando su huella en la Casa de La Pampa con las exitosas exhibiciones &#8220;Juerte&#8221; en 2016 y &#8220;Los Cueros de Peluko III&#8221; en 2018, caracterizadas por sus impactantes desnudos art\u00edsticos.<\/p>\n\n\n\n<p><strong>Fecha y Acceso a la Exposici\u00f3n<\/strong><\/p>\n\n\n\n<p>La exhibici\u00f3n &#8220;Los Cueros de Peluko Panic&#8221; estar\u00e1 disponible para el p\u00fablico en Casa de La Pampa hasta el 29 de septiembre. Los visitantes podr\u00e1n disfrutar de las obras de lunes a viernes de 9 a 16 horas, con entrada totalmente gratuita.<\/p>\n\n\n\n<p><strong>Notas Musicales de la Pampa y Latinoam\u00e9rica<\/strong><\/p>\n\n\n\n<p>El evento de inauguraci\u00f3n contar\u00e1 con un cierre musical que reunir\u00e1 al talentoso cantante Miguel S\u00e1nchez, quien estar\u00e1 acompa\u00f1ado por su guitarra y voz, junto con el d\u00fao conformado por Ver\u00f3nica Baraybar al piano y Camilo S\u00e1nchez en el clarinete. Esta combinaci\u00f3n \u00fanica permitir\u00e1 a la audiencia disfrutar de diferentes facetas musicales en un mismo concierto, desde el tr\u00edo hasta la versi\u00f3n solista.<\/p>\n\n\n\n<p>Las composiciones instrumentales de ra\u00edz latinoamericana de Ver\u00f3nica Baraybar y Camilo S\u00e1nchez se fusionar\u00e1n con las canciones que evocan los paisajes pampeanos interpretadas por Miguel S\u00e1nchez, ofreciendo una experiencia musical diversa y enriquecedora.<\/p>\n\n\n\n<figure class=\"wp-block-image size-full is-resized\"><img decoding=\"async\" src=\"https:\/\/notipampa.com\/wp-content\/uploads\/2023\/09\/Captura-4.png\" alt=\"\" class=\"wp-image-11311\" style=\"width:1033px;height:1291px\" width=\"1033\" height=\"1291\" srcset=\"https:\/\/notipampa.com\/wp-content\/uploads\/2023\/09\/Captura-4.png 449w, https:\/\/notipampa.com\/wp-content\/uploads\/2023\/09\/Captura-4-240x300.png 240w\" sizes=\"(max-width: 1033px) 100vw, 1033px\" \/><\/figure>\n","protected":false},"excerpt":{"rendered":"<p>En el marco del esperado ciclo de Artes Visuales 2023, Casa de La Pampa se enorgullece en presentar la emocionante<\/p>\n","protected":false},"author":1,"featured_media":11310,"comment_status":"open","ping_status":"open","sticky":false,"template":"","format":"standard","meta":{"colormag_page_container_layout":"default_layout","colormag_page_sidebar_layout":"default_layout","footnotes":""},"categories":[3,6,8],"tags":[],"class_list":["post-11309","post","type-post","status-publish","format-standard","has-post-thumbnail","hentry","category-entretenimiento","category-locales","category-ultimas-noticias"],"_links":{"self":[{"href":"https:\/\/notipampa.com\/index.php?rest_route=\/wp\/v2\/posts\/11309","targetHints":{"allow":["GET"]}}],"collection":[{"href":"https:\/\/notipampa.com\/index.php?rest_route=\/wp\/v2\/posts"}],"about":[{"href":"https:\/\/notipampa.com\/index.php?rest_route=\/wp\/v2\/types\/post"}],"author":[{"embeddable":true,"href":"https:\/\/notipampa.com\/index.php?rest_route=\/wp\/v2\/users\/1"}],"replies":[{"embeddable":true,"href":"https:\/\/notipampa.com\/index.php?rest_route=%2Fwp%2Fv2%2Fcomments&post=11309"}],"version-history":[{"count":1,"href":"https:\/\/notipampa.com\/index.php?rest_route=\/wp\/v2\/posts\/11309\/revisions"}],"predecessor-version":[{"id":11313,"href":"https:\/\/notipampa.com\/index.php?rest_route=\/wp\/v2\/posts\/11309\/revisions\/11313"}],"wp:featuredmedia":[{"embeddable":true,"href":"https:\/\/notipampa.com\/index.php?rest_route=\/wp\/v2\/media\/11310"}],"wp:attachment":[{"href":"https:\/\/notipampa.com\/index.php?rest_route=%2Fwp%2Fv2%2Fmedia&parent=11309"}],"wp:term":[{"taxonomy":"category","embeddable":true,"href":"https:\/\/notipampa.com\/index.php?rest_route=%2Fwp%2Fv2%2Fcategories&post=11309"},{"taxonomy":"post_tag","embeddable":true,"href":"https:\/\/notipampa.com\/index.php?rest_route=%2Fwp%2Fv2%2Ftags&post=11309"}],"curies":[{"name":"wp","href":"https:\/\/api.w.org\/{rel}","templated":true}]}}