{"id":11275,"date":"2023-09-04T09:31:03","date_gmt":"2023-09-04T12:31:03","guid":{"rendered":"https:\/\/notipampa.com\/?p=11275"},"modified":"2023-09-04T09:31:04","modified_gmt":"2023-09-04T12:31:04","slug":"alvear-multitudinaria-vuelta-de-fan-expo-la-pampa-4-0","status":"publish","type":"post","link":"https:\/\/notipampa.com\/?p=11275","title":{"rendered":"Alvear: Multitudinaria vuelta de Fan Expo La Pampa 4.0"},"content":{"rendered":"\n<p><strong>Volvi\u00f3 la Fan Expo La Pampa 4.0, en el mes de las juventudes, congregando a una multitud en el club Ferrocarril Oeste de Intendente Alvear.<\/strong><\/p>\n\n\n\n<p>La primera edici\u00f3n del a\u00f1o 2023 estuvo a la altura de las 11 realizadas el a\u00f1o pasado.y que marcaron un hito en la cultura pop de la regi\u00f3n.<br>M\u00e1s de 3 mil personas de todas las edades se dieron cita en la instituci\u00f3n alvearense, en la primera Convenci\u00f3n Kpop Anime-Gamer, de las cuatro previstas para este a\u00f1o.<br>La Fan Expo fue pensada originalmente como una oferta para las juventudes y adolescencias pampeanas, fue adoptada por todas las familias de los lugares a donde lleg\u00f3 y sus zonas de influencia, registr\u00e1ndose presencias multitudinarias, y con p\u00fablico renovado en cada encuentro.<br>\u201cEsto reafirma la decisi\u00f3n del gobernador Sergio Ziliotto de seguir trabajando, de seguir generando espacios para que las juventudes pampeanas tengan un espacio en donde se puedan identificar, donde pueda venir la familia tambi\u00e9n a divertirse y, sobre todo, poder compartir un espacio. Es muy bueno que la familia pueda ver d\u00f3nde van nuestras juventudes, cu\u00e1les son sus gustos, cu\u00e1les son sus intereses en lo que es esta convenci\u00f3n pop\u201d, dijo el ministro de Desarrollo Social, Diego \u00c1lvarez.<br>El funcionario destac\u00f3 que la Fan Expo \u201ctambi\u00e9n tiene que ser una realidad de creer en la juventud, en los desaf\u00edos que nos proponen, y con el acompa\u00f1amiento del Gobernador para poder hacer esta inversi\u00f3n, y que pueda ir a las distintas localidades de la Provincia. Ac\u00e1 hay Justicia Social e Inclusi\u00f3n\u201d.<br>Tal como se anunci\u00f3 la semana pasada, hubo concursos de Dance Cover y Random Dance (Kpop), Concurso de Cosplay, de Dibujo y Trivias (Anime), clases, exhibiciones y competencias de HipHop y Freestyle (Urbano). Juegos y actividades tradicionales como Truco, UNO, Ajedrez, Juegos de mesa y de rol, Inflables juveniles, Concursos para la Familia, Bar de Glitter, Shows locales y Telescopios de Astrodivulgadores.<br>Tambi\u00e9n hubo espacios de diferentes \u00e1reas del Gobierno provincial; stands y charlas sobre IA (Inteligencia Artificial), Dise\u00f1o y Creatividad y exposiciones de rob\u00f3tica y de videojuegos (programa WeniTec de la Subecretar\u00eda de Econom\u00eda Social).\u00a0<br>El intendente anfitri\u00f3n, Juan Cruz Barton, felicit\u00f3 al Gobierno provincial y al ministro \u00c1lvarez por la calidad del equipo de trabajo que hizo posible esta edici\u00f3n. \u201cEs envidiable tener un equipo as\u00ed, con responsabilidad, con sacrificio, que da placer trabajar de esta forma\u201d, coment\u00f3.<br>Tambi\u00e9n resalt\u00f3 el car\u00e1cter inclusivo del evento, \u201cy ver a los chicos con autismo, de los talleres de eliminaci\u00f3n de barreras, y la alegr\u00eda que ten\u00edan con estos juegos, fue muy bueno\u201d.<\/p>\n\n\n\n<figure class=\"wp-block-image size-large is-resized\"><img fetchpriority=\"high\" decoding=\"async\" src=\"https:\/\/notipampa.com\/wp-content\/uploads\/2023\/09\/7640246_max_9729-1024x732.jpg\" alt=\"\" class=\"wp-image-11277\" style=\"width:1037px;height:741px\" width=\"1037\" height=\"741\" srcset=\"https:\/\/notipampa.com\/wp-content\/uploads\/2023\/09\/7640246_max_9729-1024x732.jpg 1024w, https:\/\/notipampa.com\/wp-content\/uploads\/2023\/09\/7640246_max_9729-300x214.jpg 300w, https:\/\/notipampa.com\/wp-content\/uploads\/2023\/09\/7640246_max_9729-768x549.jpg 768w, https:\/\/notipampa.com\/wp-content\/uploads\/2023\/09\/7640246_max_9729-1536x1097.jpg 1536w, https:\/\/notipampa.com\/wp-content\/uploads\/2023\/09\/7640246_max_9729-2048x1463.jpg 2048w\" sizes=\"(max-width: 1037px) 100vw, 1037px\" \/><\/figure>\n","protected":false},"excerpt":{"rendered":"<p>Volvi\u00f3 la Fan Expo La Pampa 4.0, en el mes de las juventudes, congregando a una multitud en el club<\/p>\n","protected":false},"author":1,"featured_media":11276,"comment_status":"open","ping_status":"open","sticky":false,"template":"","format":"standard","meta":{"colormag_page_container_layout":"default_layout","colormag_page_sidebar_layout":"default_layout","footnotes":""},"categories":[6,8],"tags":[],"class_list":["post-11275","post","type-post","status-publish","format-standard","has-post-thumbnail","hentry","category-locales","category-ultimas-noticias"],"_links":{"self":[{"href":"https:\/\/notipampa.com\/index.php?rest_route=\/wp\/v2\/posts\/11275","targetHints":{"allow":["GET"]}}],"collection":[{"href":"https:\/\/notipampa.com\/index.php?rest_route=\/wp\/v2\/posts"}],"about":[{"href":"https:\/\/notipampa.com\/index.php?rest_route=\/wp\/v2\/types\/post"}],"author":[{"embeddable":true,"href":"https:\/\/notipampa.com\/index.php?rest_route=\/wp\/v2\/users\/1"}],"replies":[{"embeddable":true,"href":"https:\/\/notipampa.com\/index.php?rest_route=%2Fwp%2Fv2%2Fcomments&post=11275"}],"version-history":[{"count":1,"href":"https:\/\/notipampa.com\/index.php?rest_route=\/wp\/v2\/posts\/11275\/revisions"}],"predecessor-version":[{"id":11278,"href":"https:\/\/notipampa.com\/index.php?rest_route=\/wp\/v2\/posts\/11275\/revisions\/11278"}],"wp:featuredmedia":[{"embeddable":true,"href":"https:\/\/notipampa.com\/index.php?rest_route=\/wp\/v2\/media\/11276"}],"wp:attachment":[{"href":"https:\/\/notipampa.com\/index.php?rest_route=%2Fwp%2Fv2%2Fmedia&parent=11275"}],"wp:term":[{"taxonomy":"category","embeddable":true,"href":"https:\/\/notipampa.com\/index.php?rest_route=%2Fwp%2Fv2%2Fcategories&post=11275"},{"taxonomy":"post_tag","embeddable":true,"href":"https:\/\/notipampa.com\/index.php?rest_route=%2Fwp%2Fv2%2Ftags&post=11275"}],"curies":[{"name":"wp","href":"https:\/\/api.w.org\/{rel}","templated":true}]}}