{"id":11272,"date":"2023-09-04T09:07:08","date_gmt":"2023-09-04T12:07:08","guid":{"rendered":"https:\/\/notipampa.com\/?p=11272"},"modified":"2023-09-04T09:07:08","modified_gmt":"2023-09-04T12:07:08","slug":"unlpam-mira-el-listado-de-graduados-que-recibiran-su-diploma-en-general-pico-y-santa-rosa","status":"publish","type":"post","link":"https:\/\/notipampa.com\/?p=11272","title":{"rendered":"UNLPam: Mir\u00e1 el listado de graduados que recibir\u00e1n su diploma en General Pico y Santa Rosa"},"content":{"rendered":"\n<p>Hoy tendr\u00e1n lugar en las sedes de General Pico y Santa Rosa las ceremonias de Colaci\u00f3n de Pregrado, Grado y Posgrado, en el marco del 65\u00b0 Aniversario de creaci\u00f3n de nuestra Universidad.<\/p>\n\n\n\n<p>Ambos actos ser\u00e1n presididos por la Vicerrectora a cargo del Rectorado, Mg. Mar\u00eda Ema Martin, en compa\u00f1\u00eda de los Decanos respectivos y las Decanas respectivas, ex-rectores, autoridades nacionales, provinciales, municipales, universitarias, de organizaciones gremiales, cooperativas, profesionales, entre otras.<\/p>\n\n\n\n<p>En General Pico, el acto ser\u00e1 a las 12:30 en el Auditorio de la Facultad de Ciencias Veterinarias, mientras que en Santa Rosa ser\u00e1 a las 17:00 en el Aula Magna de la Universidad.<\/p>\n\n\n\n<p>En representaci\u00f3n de egresados\/as de la sede General Pico, hablar\u00e1 Octavio Panchuk, quien se graduar\u00e1 de M\u00e9dico Veterinario durante la ceremonia. Mientras que en Santa Rosa, en representaci\u00f3n de sus pares y previo a los discursos de las autoridades, hablar\u00e1 Emanuel Ca\u00f1ada, quien recibir\u00e1 durante la ceremonia su diploma de Abogado.<\/p>\n\n\n\n<p><strong>GENERAL PICO<\/strong><\/p>\n\n\n\n<p>LISTADO DE GRADUADAS Y GRADUADOS<\/p>\n\n\n\n<p>Facultad de Ciencias Humanas \u2013 Sede General Pico<\/p>\n\n\n\n<p>T\u00cdTULO:&nbsp; Licenciado\/a en Ciencias de la Educaci\u00f3n<br>LANZONI QUIROGA, Mar\u00eda Antonella&nbsp;<br>RIVAS, Jose Antonio<br>SIERRA MIRANDA, Dalila Liz<br>VANZETTI, Liliana Bel\u00e9n<\/p>\n\n\n\n<p>T\u00cdTULO:&nbsp; Profesora en Ciencias de la Educaci\u00f3n<br>ZAPATA, Julieta<\/p>\n\n\n\n<p>T\u00cdTULO:&nbsp; Profesora en Educaci\u00f3n Inicial<br>QUIROGA, Laura Mail\u00e9n&nbsp;<\/p>\n\n\n\n<p>Facultad de Ciencias Veterinarias<\/p>\n\n\n\n<p>T\u00cdTULO:&nbsp; M\u00e9dico\/a Veterinario\/a<br>CHAZARRETA, Mariano&nbsp;<br>CORSI, Alberto Andr\u00e9s&nbsp;<br>FERNANDEZ, Marcos Joaqu\u00edn&nbsp;<br>GUINTER, Mabilia&nbsp;<br>LOPEZ, Agustin&nbsp;<br>MILANTA, Gisela Soledad&nbsp;<br>OLGUIN, Cristian Alejandro&nbsp;<br>PANCHUK, Octavio&nbsp;<br>PEREZ GOMEZ,&nbsp;Georgelina&nbsp;<br>PUENTES, Ana Valeria&nbsp;<br>SOLERA QUIROGA, Facundo&nbsp;<br>VALLEJOS, Karina Ver\u00f3nica&nbsp;<br>VIQUEIRA SANCHEZ, Lourdes&nbsp;<\/p>\n\n\n\n<p>T\u00cdTULO:&nbsp; Especialista en Salud P\u00fablica Veterinaria<br>RAU, Cristina Elizabeth&nbsp;<\/p>\n\n\n\n<p>Facultad de Ingenier\u00eda<\/p>\n\n\n\n<p>T\u00cdTULO:&nbsp; Analista Programadora<br>PEREZ, Camila Bel\u00e9n<\/p>\n\n\n\n<p>T\u00cdTULO: Ingeniero Electromec\u00e1nico<br>GOROSITO BARGA, Juan Cruz<br>MERLO, Emanuel Iv\u00e1n&nbsp;<br>RAMIREZ, Santiago Mat\u00edas<br>TARG\u00d3N GUAYACO, Ulises Andres<br>YACOPINI, Mauricio David<\/p>\n\n\n\n<p>T\u00cdTULO:&nbsp; Ingeniero\/a en Sistemas<br>JUTTERPEKER,&nbsp;Ivanna&nbsp;Florencia<br>NOVOA, Mat\u00edas Nicol\u00e1s<\/p>\n\n\n\n<p>T\u00cdTULO:&nbsp; Ingeniero Industrial&nbsp;&nbsp;<br>MONGANO, Pablo Ignacio<\/p>\n\n\n\n<p><strong>SANTA ROSA<\/strong><\/p>\n\n\n\n<p>LISTADO DE GRADUADAS Y GRADUADOS<\/p>\n\n\n\n<p>Facultad de Agronom\u00eda<\/p>\n\n\n\n<p>T\u00cdTULO:&nbsp; Ingeniero Agr\u00f3nomo<br>MART\u00cdNEZ DIAB, Alejandro<\/p>\n\n\n\n<p>T\u00cdTULO:&nbsp; Licenciado\/a en Administraci\u00f3n de Negocios Agropecuarios<br>CORDOBA, Mar\u00eda Elena<br>HERN\u00c1NDEZ, Mar\u00eda Luj\u00e1n<br>MART\u00cdNEZ DIAB, Jimena&nbsp;<br>MOCCA, Alexis<br>OLIVERI,&nbsp;\u00c1lbaro&nbsp;Tom\u00e1s<br>TEJEDA, Azul Mariel&nbsp;<\/p>\n\n\n\n<p>T\u00cdTULO:&nbsp; T\u00e9cnico\/a Universitario\/a en Administraci\u00f3n Agropecuaria&nbsp; &nbsp;<br>BOGNANTI, Mauricio Esteban<br>MART\u00cdNEZ DIAB, Jimena<br>TEJEDA, Azul Mariel<\/p>\n\n\n\n<p>T\u00cdTULO:&nbsp; T\u00e9cnica Universitaria en Producci\u00f3n Vegetal Intensiva<br>COLLA, Irma Lorena<\/p>\n\n\n\n<p>T\u00cdTULO:&nbsp; Magister en Producci\u00f3n Agropecuaria en Regiones Semi\u00e1ridas<br>MATINATA, Eduardo Javier<br>PONCE, Juan Pablo<\/p>\n\n\n\n<p>Facultad de Ciencias Econ\u00f3micas y Jur\u00eddicas<\/p>\n\n\n\n<p>T\u00cdTULO:&nbsp; Abogado\/a<br>CA\u00d1ADA, Emanuel<br>GALLERATTO, Fiorella<br>GONZALEZ \u2013 AG\u00dcERA, Guillermo Nabil<br>MIRO, Eli\u00e1n Pablo<br>ORTIZ ECHAG\u00dcE, Martina<br>TIERNO, Winona<\/p>\n\n\n\n<p>T\u00cdTULO:&nbsp; Contado\/ar P\u00fablico\/a<br>MIELGO, Braian<br>PEREZ, Julieta Bel\u00e9n<\/p>\n\n\n\n<p>T\u00cdTULO:&nbsp; Contador\/a P\u00fablico\/a Nacional<br>ARANDA, Evelyn Soledad<br>OLIE, Angel Atilio<br>TORRES, Eric Alejandro<br>UHALDEGARAY, Mat\u00edas Sebasti\u00e1n<br>VENDRAMINI, Ana Mar\u00eda<\/p>\n\n\n\n<p>T\u00cdTULO:&nbsp; T\u00e9cnico\/a Universitario\/a Administrativo Contable Impositivo<br>CARLUCCHE CISNEROS, Mat\u00edas Ezequiel<br>CHAVES, Agostina Belen<br>DIEZ, Agustina Rocio<br>GUEVARA, Romina Bel\u00e9n<br>HERNANDEZ, Agostina<br>MOTTA, Micol Agostina<br>SOSA, Serena Daiana<\/p>\n\n\n\n<p>T\u00cdTULO:&nbsp; Mag\u00edster en Gesti\u00f3n Empresaria<br>CRUZ PUCA, Javier Llawar Nehuen<\/p>\n\n\n\n<p>Facultad de Ciencias Exactas y Naturales<\/p>\n\n\n\n<p>T\u00cdTULO:&nbsp; Enfermera Universitaria<br>CAMPODONICO, Carolina Susana<br>GODOY, Melany<br>SATARAIN, Martina&nbsp;<br>VILLA, Lucia Denise&nbsp;<\/p>\n\n\n\n<p>T\u00cdTULO:&nbsp; Ingeniera en Recursos Naturales y Medio Ambiente<br>CARCER FERRUA,&nbsp;Cindi&nbsp;Melanie&nbsp;<br>T\u00cdTULO: Licenciada en Qu\u00edmica<br>OCCHIPINTI, Angela<\/p>\n\n\n\n<p>T\u00cdTULO: Profesor en Matem\u00e1tica<br>MAIDANA, Andr\u00e9s Esteban<\/p>\n\n\n\n<p>T\u00cdTULO: Magister en Recursos H\u00eddricos<br>SAGUAS, Eliana Vanesa&nbsp;<\/p>\n\n\n\n<p>Facultad de Ciencias Humanas<\/p>\n\n\n\n<p>T\u00cdTULO:&nbsp; Gu\u00eda Universitario en Turismo<br>ZALAZAR AG\u00dcERO, Sasha Julieta<\/p>\n\n\n\n<p>T\u00cdTULO:&nbsp; Profesor\/a en Geograf\u00eda<br>CASES, Facundo&nbsp;<br>HABERKORN, Juan Ignacio<br>HECKER AGUIRRE, Virginia Ayl\u00e9n<br>LEGUIZAMON, Gustavo Federico<\/p>\n\n\n\n<p>T\u00cdTULO:&nbsp; Profesor\/a en Historia<br>LARREGUI, Yanina Elizabeth<br>YEMOLO, Ver\u00f3nica Gabriela<\/p>\n\n\n\n<p>T\u00cdTULO:&nbsp; Profesor\/a en Ingl\u00e9s<br>FERREYRA, Valentina<\/p>\n\n\n\n<p>T\u00cdTULO:&nbsp; Especialista en Historia Regional<br>HONDERE, Marta Rosana<br>L\u00d3PEZ, Carolina Elisabet<\/p>\n\n\n\n<p>T\u00cdTULO: Mag\u00edster en Estudios Sociales y Culturales<br>GARC\u00cdA, Leticia Nora&nbsp;<\/p>\n\n\n\n<p><strong>CIERRE ART\u00cdSTICO<\/strong><\/p>\n\n\n\n<p>A modo de cierre y despedida a autoridades, familiares y amistades de graduadas y graduados, y dem\u00e1s p\u00fablico presente, en General Pico el Taller de Folklore Quimey Pampa bajo la direcci\u00f3n de Andrea Mu\u00f1oz y Lucas Quintero, brindar\u00e1n un homenaje en el marco del 65\u00ba aniversario de la Universidad a trav\u00e9s de la puesta en escena de una zamba tradicional; por su parte, en Santa Rosa, el Taller de Folklore bajo la direcci\u00f3n de Luciana Serrano presentar\u00e1 la danza de dos composiciones emblem\u00e1ticas del cancionero pampeano, la huella \u201cDe ida y vuelta\u201d y la \u201cZamba del r\u00edo robado\u201d, tambi\u00e9n como parte de la conmemoraci\u00f3n de los 65 a\u00f1os de creaci\u00f3n de la UNLPam.<\/p>\n","protected":false},"excerpt":{"rendered":"<p>Hoy tendr\u00e1n lugar en las sedes de General Pico y Santa Rosa las ceremonias de Colaci\u00f3n de Pregrado, Grado y<\/p>\n","protected":false},"author":1,"featured_media":11273,"comment_status":"open","ping_status":"open","sticky":false,"template":"","format":"standard","meta":{"colormag_page_container_layout":"default_layout","colormag_page_sidebar_layout":"default_layout","footnotes":""},"categories":[54,4,8],"tags":[],"class_list":["post-11272","post","type-post","status-publish","format-standard","has-post-thumbnail","hentry","category-educacion","category-provincia","category-ultimas-noticias"],"_links":{"self":[{"href":"https:\/\/notipampa.com\/index.php?rest_route=\/wp\/v2\/posts\/11272","targetHints":{"allow":["GET"]}}],"collection":[{"href":"https:\/\/notipampa.com\/index.php?rest_route=\/wp\/v2\/posts"}],"about":[{"href":"https:\/\/notipampa.com\/index.php?rest_route=\/wp\/v2\/types\/post"}],"author":[{"embeddable":true,"href":"https:\/\/notipampa.com\/index.php?rest_route=\/wp\/v2\/users\/1"}],"replies":[{"embeddable":true,"href":"https:\/\/notipampa.com\/index.php?rest_route=%2Fwp%2Fv2%2Fcomments&post=11272"}],"version-history":[{"count":1,"href":"https:\/\/notipampa.com\/index.php?rest_route=\/wp\/v2\/posts\/11272\/revisions"}],"predecessor-version":[{"id":11274,"href":"https:\/\/notipampa.com\/index.php?rest_route=\/wp\/v2\/posts\/11272\/revisions\/11274"}],"wp:featuredmedia":[{"embeddable":true,"href":"https:\/\/notipampa.com\/index.php?rest_route=\/wp\/v2\/media\/11273"}],"wp:attachment":[{"href":"https:\/\/notipampa.com\/index.php?rest_route=%2Fwp%2Fv2%2Fmedia&parent=11272"}],"wp:term":[{"taxonomy":"category","embeddable":true,"href":"https:\/\/notipampa.com\/index.php?rest_route=%2Fwp%2Fv2%2Fcategories&post=11272"},{"taxonomy":"post_tag","embeddable":true,"href":"https:\/\/notipampa.com\/index.php?rest_route=%2Fwp%2Fv2%2Ftags&post=11272"}],"curies":[{"name":"wp","href":"https:\/\/api.w.org\/{rel}","templated":true}]}}