{"id":11269,"date":"2023-09-04T08:57:31","date_gmt":"2023-09-04T11:57:31","guid":{"rendered":"https:\/\/notipampa.com\/?p=11269"},"modified":"2023-09-04T08:57:32","modified_gmt":"2023-09-04T11:57:32","slug":"liga-pampeana-ferro-de-pico-le-gano-a-costa-y-alargo-la-definicion-del-clausura-hasta-la-ultima-fecha","status":"publish","type":"post","link":"https:\/\/notipampa.com\/?p=11269","title":{"rendered":"Liga Pampeana: Ferro de Pico le gan\u00f3 a Costa y alarg\u00f3 la definici\u00f3n del Clausura hasta la \u00faltima fecha"},"content":{"rendered":"\n<p>Con un primer tiempo perfecto, Ferro de Pico super\u00f3 a Costa Brava 1 a 0 con un tanto de penal conseguido a los 30 minutos de partido, capitalizado por Laureano Cabral. \u201cChicho\u201d Camerlinckx gener\u00f3 la infracci\u00f3n ante Arg\u00fcello y se erigi\u00f3 como la gran figura del partido, pese a su r\u00e1pido reemplazo en el complemento. En el \u201cColoso\u201d, Costa no tuvo paciencia, se descarril\u00f3 con la desventaja y termin\u00f3 con 3 jugadores expulsados. El Clausura se definir\u00e1 el pr\u00f3ximo domingo, en la und\u00e9cima y \u00faltima fecha.<\/p>\n\n\n\n<p>Ferro jug\u00f3 como siempre lo debe haber pensado su dupla t\u00e9cnica, presionando alto, controlando la pelota, siendo incisivo de contraataque y golpeando en el marcador cuando el partido lo pidi\u00f3. Es cierto, pese a la mayor cantidad de jugadores en cancha, termin\u00f3 retrasado, pero cuando intentaba las contras, siempre quedaba en superioridad, pero pec\u00f3 en esos momentos y no pudo liquidar un partido que Costa trataba de inclinar con pelotazos a Merlo, que gener\u00f3 2 chances claras que casi le dieron el punto para quedarse con el torneo.<\/p>\n\n\n\n<figure class=\"wp-block-image\"><img decoding=\"async\" src=\"https:\/\/www.infopico.com\/wp-content\/uploads\/2023\/09\/Ferro-costa-clasico-clausura-2023-1.jpg\" alt=\"\" class=\"wp-image-239848\"\/><\/figure>\n\n\n\n<p>En el \u201cping-pong\u201d no hubo tantas, 4 chances (sumado el penal) para Ferro, todas claras, una errada por Zanoni a los 10\u2032, una salvada b\u00e1rbara de Arguello sobre Cabral a los 12\u2032, el penal a los 30\u2032 y un cabezazo de Orueta a los 39\u2019ST.<\/p>\n\n\n\n<p>Costa intent\u00f3 responder en el complemento con un centro de Lara que casi conect\u00f3 Aguero, con un cabezazo desviado de Merlo a lo sobre el palo izquierdo y la m\u00e1s clara fue un derechazo de media vuelta de Abraham que Cavagna contuvo de formidable manera a los 25\u2032.<\/p>\n\n\n\n<p>Con los 3 puntos, sumadas a las victorias de Racing y All Boys de Trenel, la definici\u00f3n del Clausura pas\u00f3 a la \u00faltima fecha, en la que Ferro visitar\u00e1 a Jorge Newbery, Costa recibir\u00e1 a Sportivo Independinete, All Boys ser\u00e1 local de Ferro de Realic\u00f3 y Racing deber\u00e1 jugar en Bar\u00f3n ante Cultura Integral.<\/p>\n\n\n\n<p><strong>S\u00edntesis<\/strong><\/p>\n\n\n\n<p><strong>Ferro de Pico<\/strong>: Juan Cavagna, Marco P\u00e9rez, Kevin Arrigone, Marcos Quiroz, Nicol\u00e1s Camerlinckx, Jonathan Mina, Esteban Camerlinckx, Enzo Paredes, Laureano Cabral, Juan Gianninetto, Agust\u00edn Zanoni. DTs: Nelson Ben\u00edtez \u2013 Dar\u00edo Portis.<\/p>\n\n\n\n<p>Cambios: Soloppi x E. Camerlinckx, Guzm\u00e1n x Gianninetto, Orueta x P\u00e9rez, Oreggione x Zanoni, Mi\u00f1o x Paredes.<\/p>\n\n\n\n<p><strong>Costa Brava<\/strong>: Gabriel Arguello, Pablo Aguero, Mat\u00edas Pagliaricci, Rom\u00e1n Maidana, Rodrigo Mart\u00edn, Leonardo Bonivardo, Marcos Coria, Marcos Gelabert, Mart\u00edn Abraham, Maximiliano Lara, Elvis Bahamonde. DT: Rodrigo Chap.<\/p>\n\n\n\n<p>Cambios: Arce x Coria, Pildaian x Gelabert, G\u00f3mez x Mart\u00edn, Merlo x Bahamonde, Solari x Maidana.<\/p>\n\n\n\n<p><strong>Gol<\/strong>: 30\u2019PT Cabral -P- (FCO)<\/p>\n\n\n\n<p><strong>Expulsados<\/strong>: Cabral, N. Camerlinckx (FCO). Pagliaricci, Bonivardo, Arce (CACB).<\/p>\n\n\n\n<p><strong>\u00c1rbitro<\/strong>: Mart\u00edn Gubar<\/p>\n\n\n\n<p><strong>Estadio<\/strong>: El Coloso<\/p>\n\n\n\n<figure class=\"wp-block-image\"><img decoding=\"async\" src=\"https:\/\/www.infopico.com\/wp-content\/uploads\/2023\/09\/Ferro-costa-clasico-clausura-2023-2.jpg\" alt=\"\" class=\"wp-image-239845\"\/><\/figure>\n\n\n\n<h2 class=\"wp-block-heading\"><strong>M\u00e1s resultados<\/strong><\/h2>\n\n\n\n<p>Racing 1 \u2013 Jorge Newbery 0<\/p>\n\n\n\n<p>Gol: Mat\u00edas Rold\u00e1n.<\/p>\n\n\n\n<p>Alvear FBC 1 \u2013 Cultura Integral 1<\/p>\n\n\n\n<p>Goles: \u00c1lvaro Cuello (A); Federico Hollmann (CI).<\/p>\n\n\n\n<p>Juventud Regional 1 \u2013 Ferro de Alvear 2<\/p>\n\n\n\n<p>Goles: Tadeo Rodr\u00edguez (JR); Joan Romero y Eric Rosas -p- (FA)<\/p>\n\n\n\n<p>Ferro de Realic\u00f3 1- Estudiantil 2<\/p>\n\n\n\n<p>Goles: Paolo Antonelli (FR); Alejo Aman y Carlos Henneberg -p- (E)<\/p>\n\n\n\n<p>Independiente 0 \u2013 All Boys de Trenel 2<\/p>\n\n\n\n<p>Goles: Bautista Godoy x2<\/p>\n\n\n\n<p>Infopico<\/p>\n","protected":false},"excerpt":{"rendered":"<p>Con un primer tiempo perfecto, Ferro de Pico super\u00f3 a Costa Brava 1 a 0 con un tanto de penal<\/p>\n","protected":false},"author":1,"featured_media":11270,"comment_status":"open","ping_status":"open","sticky":false,"template":"","format":"standard","meta":{"colormag_page_container_layout":"default_layout","colormag_page_sidebar_layout":"default_layout","footnotes":""},"categories":[10,4,8],"tags":[],"class_list":["post-11269","post","type-post","status-publish","format-standard","has-post-thumbnail","hentry","category-sports","category-provincia","category-ultimas-noticias"],"_links":{"self":[{"href":"https:\/\/notipampa.com\/index.php?rest_route=\/wp\/v2\/posts\/11269","targetHints":{"allow":["GET"]}}],"collection":[{"href":"https:\/\/notipampa.com\/index.php?rest_route=\/wp\/v2\/posts"}],"about":[{"href":"https:\/\/notipampa.com\/index.php?rest_route=\/wp\/v2\/types\/post"}],"author":[{"embeddable":true,"href":"https:\/\/notipampa.com\/index.php?rest_route=\/wp\/v2\/users\/1"}],"replies":[{"embeddable":true,"href":"https:\/\/notipampa.com\/index.php?rest_route=%2Fwp%2Fv2%2Fcomments&post=11269"}],"version-history":[{"count":1,"href":"https:\/\/notipampa.com\/index.php?rest_route=\/wp\/v2\/posts\/11269\/revisions"}],"predecessor-version":[{"id":11271,"href":"https:\/\/notipampa.com\/index.php?rest_route=\/wp\/v2\/posts\/11269\/revisions\/11271"}],"wp:featuredmedia":[{"embeddable":true,"href":"https:\/\/notipampa.com\/index.php?rest_route=\/wp\/v2\/media\/11270"}],"wp:attachment":[{"href":"https:\/\/notipampa.com\/index.php?rest_route=%2Fwp%2Fv2%2Fmedia&parent=11269"}],"wp:term":[{"taxonomy":"category","embeddable":true,"href":"https:\/\/notipampa.com\/index.php?rest_route=%2Fwp%2Fv2%2Fcategories&post=11269"},{"taxonomy":"post_tag","embeddable":true,"href":"https:\/\/notipampa.com\/index.php?rest_route=%2Fwp%2Fv2%2Ftags&post=11269"}],"curies":[{"name":"wp","href":"https:\/\/api.w.org\/{rel}","templated":true}]}}