{"id":11266,"date":"2023-09-04T08:54:27","date_gmt":"2023-09-04T11:54:27","guid":{"rendered":"https:\/\/notipampa.com\/?p=11266"},"modified":"2023-09-04T08:54:28","modified_gmt":"2023-09-04T11:54:28","slug":"la-pareja-del-hombre-asesinado-en-general-pico-sera-formalizada-por-homicidio-agravando-por-el-vinculo","status":"publish","type":"post","link":"https:\/\/notipampa.com\/?p=11266","title":{"rendered":"La pareja del hombre asesinado en General Pico ser\u00e1 formalizada por \u201chomicidio agravando por el v\u00ednculo\u201d"},"content":{"rendered":"\n<p>El Fiscal General Armando Ag\u00fcero revel\u00f3 detalles sobre el lamentable suceso en General Pico, donde un hombre de 28 a\u00f1os fue apu\u00f1alado. La pareja de la v\u00edctima permanece demorada.<\/p>\n\n\n\n<p>En el Barrio Rucci de General Pico, la tranquila rutina de la ma\u00f1ana del domingo se rompi\u00f3 con un llamado al Ce.C.O.M. (Centro de Control Operaci\u00f3n y Monitoreo Policial) aproximadamente a las 06:00 am, solicitando presencia policial en un domicilio.<\/p>\n\n\n\n<h3 class=\"wp-block-heading\">\u201cSe constata la presencia de un joven con herida punzante\u201d<\/h3>\n\n\n\n<p>Seg\u00fan palabras del Fiscal General Armando Ag\u00fcero, \u201cal concurrir la polic\u00eda, el Comisario Rinaldi constata la presencia de un joven, Facundo Sebasti\u00e1n P\u00e9rez de 28 a\u00f1os, con una herida punzante.\u201d Asimismo, el fiscal se\u00f1al\u00f3 la presencia de \u201cuna joven de 32 a\u00f1os, tambi\u00e9n de apellido P\u00e9rez, quien es pareja de Facundo Sebasti\u00e1n P\u00e9rez.\u201d<\/p>\n\n\n\n<h3 class=\"wp-block-heading\">Traslado a hospital y confirmaci\u00f3n de deceso<\/h3>\n\n\n\n<p>El joven herido fue trasladado al hospital en estado de gravedad. \u201cPocos minutos despu\u00e9s se informa del deceso\u201d, confirm\u00f3 Ag\u00fcero. \u201cIngresa a la morgue, donde es intervenido por el m\u00e9dico forense, Graciano Maso, y se determina la causal de su muerte.\u201d<\/p>\n\n\n\n<h3 class=\"wp-block-heading\">Investigaciones y detenciones<\/h3>\n\n\n\n<p>La Agencia de Investigaci\u00f3n Cient\u00edfica intervino en el domicilio ubicado en calle 300bis entre 329bis y 333, trabajando en conjunto con el Fiscal Juan Pellegrino de la Tem\u00e1tica de Delitos contra las Personas. \u201cSe dispone el traslado de la demorada a la Comisar\u00eda mientras se sigui\u00f3 trabajando en el domicilio\u201d, explic\u00f3 el Fiscal General.<\/p>\n\n\n\n<h3 class=\"wp-block-heading\">Audiencia de formalizaci\u00f3n y cargos por homicidio agravado<\/h3>\n\n\n\n<p>Armando Ag\u00fcero inform\u00f3 que \u201cma\u00f1ana se realizar\u00e1 la audiencia de declaraci\u00f3n de imputado por homicidio agravado por el v\u00ednculo y audiencia de formalizaci\u00f3n\u201d. Esta declaraci\u00f3n implica la seriedad de los cargos que enfrenta la persona detenida, marcando un nuevo giro en este caso que ha conmocionado a la comunidad de General Pico.<\/p>\n\n\n\n<p>Infopico<\/p>\n","protected":false},"excerpt":{"rendered":"<p>El Fiscal General Armando Ag\u00fcero revel\u00f3 detalles sobre el lamentable suceso en General Pico, donde un hombre de 28 a\u00f1os<\/p>\n","protected":false},"author":1,"featured_media":11267,"comment_status":"open","ping_status":"open","sticky":false,"template":"","format":"standard","meta":{"colormag_page_container_layout":"default_layout","colormag_page_sidebar_layout":"default_layout","footnotes":""},"categories":[56,4,8],"tags":[],"class_list":["post-11266","post","type-post","status-publish","format-standard","has-post-thumbnail","hentry","category-policiales","category-provincia","category-ultimas-noticias"],"_links":{"self":[{"href":"https:\/\/notipampa.com\/index.php?rest_route=\/wp\/v2\/posts\/11266","targetHints":{"allow":["GET"]}}],"collection":[{"href":"https:\/\/notipampa.com\/index.php?rest_route=\/wp\/v2\/posts"}],"about":[{"href":"https:\/\/notipampa.com\/index.php?rest_route=\/wp\/v2\/types\/post"}],"author":[{"embeddable":true,"href":"https:\/\/notipampa.com\/index.php?rest_route=\/wp\/v2\/users\/1"}],"replies":[{"embeddable":true,"href":"https:\/\/notipampa.com\/index.php?rest_route=%2Fwp%2Fv2%2Fcomments&post=11266"}],"version-history":[{"count":1,"href":"https:\/\/notipampa.com\/index.php?rest_route=\/wp\/v2\/posts\/11266\/revisions"}],"predecessor-version":[{"id":11268,"href":"https:\/\/notipampa.com\/index.php?rest_route=\/wp\/v2\/posts\/11266\/revisions\/11268"}],"wp:featuredmedia":[{"embeddable":true,"href":"https:\/\/notipampa.com\/index.php?rest_route=\/wp\/v2\/media\/11267"}],"wp:attachment":[{"href":"https:\/\/notipampa.com\/index.php?rest_route=%2Fwp%2Fv2%2Fmedia&parent=11266"}],"wp:term":[{"taxonomy":"category","embeddable":true,"href":"https:\/\/notipampa.com\/index.php?rest_route=%2Fwp%2Fv2%2Fcategories&post=11266"},{"taxonomy":"post_tag","embeddable":true,"href":"https:\/\/notipampa.com\/index.php?rest_route=%2Fwp%2Fv2%2Ftags&post=11266"}],"curies":[{"name":"wp","href":"https:\/\/api.w.org\/{rel}","templated":true}]}}