{"id":11170,"date":"2023-08-25T08:27:41","date_gmt":"2023-08-25T11:27:41","guid":{"rendered":"https:\/\/notipampa.com\/?p=11170"},"modified":"2023-08-25T08:27:42","modified_gmt":"2023-08-25T11:27:42","slug":"creditos-de-economia-social-banco-de-herramientas-y-convenios-en-pico-y-alvear","status":"publish","type":"post","link":"https:\/\/notipampa.com\/?p=11170","title":{"rendered":"Cr\u00e9ditos de Econom\u00eda Social, Banco de Herramientas y convenios en Pico y Alvear"},"content":{"rendered":"\n<p><strong>El Gobierno provincial concret\u00f3 entrega de cr\u00e9ditos de Econom\u00eda Social en General Pico e Intendente Alvear. En esta \u00faltima tambi\u00e9n se hizo lo propio con elementos del programa Banco de Herramientas e Insumos.<\/strong><\/p>\n\n\n\n<p>En General Pico se produjo la segunda entrega, en el marco del Programa de Desarrollo de la Econom\u00eda Social, por un monto total de $ 20.467.973.<br>Ochenta y cinco emprendedoras y emprendedores&nbsp;de los rubros de producci\u00f3n, comercio y servicios, accedieron a esta l\u00ednea de cr\u00e9ditos que tiene tasa cero de inter\u00e9s, seis meses de gracia y 54 cuotas mensuales para su devoluci\u00f3n.<br>En Intendente Alvear, fueron 25 las personas titulares que accedieron a esta l\u00ednea de cr\u00e9ditos. En esta instancia el total de los montos otorgados ascendi\u00f3 a $ 3.532.181.<br>En esta localidad tambi\u00e9n se entregaron elementos del Programa Banco de Herramientas, Maquinarias y Materiales, por $ 6.999.570.<br>Finalmente se firm\u00f3 un convenio con el municipio alvearense, mediante el cual el Ministerio de Desarrollo Social le aportar\u00e1 fondos, para ser destinados al funcionamiento del hogar de ancianos local.<br>El titular de la cartera social, Diego \u00c1lvarez, que encabez\u00f3 los actos junto a&nbsp;la directora General de Econom\u00eda Social, Yolanda Carrizo, entre otras autoridades, expres\u00f3 que \u201cno es lo mismo pensar en un Estado que acompa\u00f1e, que pensar en un Estado ausente, con un mercado que regule las relaciones de las propias comunidades. Por eso resaltamos la presencia que tiene el Estado provincial, el Estado municipal\u201d.<br>\u201cNo nos quedamos solamente en un acto de entrega de un bien material o de un aporte econ\u00f3mico, para que ustedes puedan adquirir los insumos o las herramientas que est\u00e1n necesitando para sus emprendimientos, sino que tiene que ver con toda esta bater\u00eda de pol\u00edticas p\u00fablicas: las capacitaciones, el asesoramiento, la posibilidad de darle herramientas para que ustedes puedan comercializar\u201d, a\u00f1adi\u00f3.<br>Tambi\u00e9n destac\u00f3 el portal WENI, \u201cque brinda la posibilidad de comercializar, de hacerse conocer, de darle ese valor agregado que tiene cada uno de los servicios o de los productos que ustedes realizan\u201d.<br>La intendenta piquense, Fernanda Alonso, manifest\u00f3 su orgullo por las posibilidades que brinda la Ley de Descentralizaci\u00f3n, merced a la cual llegan los fondos al sector emprendedor, \u201ca\u00f1o tras a\u00f1o nos da la previsibilidad de contar con estos recursos para su ejecuci\u00f3n. Les deseo \u00e9xito en lo que est\u00e1n emprendiendo o en lo que est\u00e1n llevando a cabo y sepan que van a seguir contando con el acompa\u00f1amiento del equipo de nuestra Secretar\u00eda de Desarrollo Social, de la Direcci\u00f3n de Nuevas Econom\u00edas, que no tiene que ver solo con el acceso a cr\u00e9ditos, sino tiene que ver despu\u00e9s con participar de los espacios de comercializaci\u00f3n, con participar de las instancias de capacitaci\u00f3n y con poder contar con un equipo de asesoramiento constante que tenemos en nuestras oficinas para ofrecerles y sientan que cuando hay adversidades estamos para acompa\u00f1arlos&#8221;.<br>El titular del ejecutivo de Intendente Alvear, Juan Cruz Barton, dijo \u201cque el Ministerio est\u00e9 hoy en territorio entregando cr\u00e9ditos de econom\u00eda social, y hoy tambi\u00e9n este segundo banco de herramientas, y poder firmar sobre todo este convenio para que la residencia de ancianos siga funcionando como lo est\u00e1 haciendo, depende de todos nosotros y quer\u00edamos estar presentes\u201d.<br>\u201cEn lo que tiene que ver con el banco de herramientas, Intendente Alvear va a poder desarrollar sus emprendimiento con herramientas nuevas, sofisticadas, muy lindas y esto tiene que ver con un programa nacional y es el segundo que se entrega en estos cuatro a\u00f1os\u201d, concluy\u00f3.<\/p>\n","protected":false},"excerpt":{"rendered":"<p>El Gobierno provincial concret\u00f3 entrega de cr\u00e9ditos de Econom\u00eda Social en General Pico e Intendente Alvear. En esta \u00faltima tambi\u00e9n<\/p>\n","protected":false},"author":1,"featured_media":11171,"comment_status":"open","ping_status":"open","sticky":false,"template":"","format":"standard","meta":{"colormag_page_container_layout":"default_layout","colormag_page_sidebar_layout":"default_layout","footnotes":""},"categories":[6,8],"tags":[],"class_list":["post-11170","post","type-post","status-publish","format-standard","has-post-thumbnail","hentry","category-locales","category-ultimas-noticias"],"_links":{"self":[{"href":"https:\/\/notipampa.com\/index.php?rest_route=\/wp\/v2\/posts\/11170","targetHints":{"allow":["GET"]}}],"collection":[{"href":"https:\/\/notipampa.com\/index.php?rest_route=\/wp\/v2\/posts"}],"about":[{"href":"https:\/\/notipampa.com\/index.php?rest_route=\/wp\/v2\/types\/post"}],"author":[{"embeddable":true,"href":"https:\/\/notipampa.com\/index.php?rest_route=\/wp\/v2\/users\/1"}],"replies":[{"embeddable":true,"href":"https:\/\/notipampa.com\/index.php?rest_route=%2Fwp%2Fv2%2Fcomments&post=11170"}],"version-history":[{"count":1,"href":"https:\/\/notipampa.com\/index.php?rest_route=\/wp\/v2\/posts\/11170\/revisions"}],"predecessor-version":[{"id":11172,"href":"https:\/\/notipampa.com\/index.php?rest_route=\/wp\/v2\/posts\/11170\/revisions\/11172"}],"wp:featuredmedia":[{"embeddable":true,"href":"https:\/\/notipampa.com\/index.php?rest_route=\/wp\/v2\/media\/11171"}],"wp:attachment":[{"href":"https:\/\/notipampa.com\/index.php?rest_route=%2Fwp%2Fv2%2Fmedia&parent=11170"}],"wp:term":[{"taxonomy":"category","embeddable":true,"href":"https:\/\/notipampa.com\/index.php?rest_route=%2Fwp%2Fv2%2Fcategories&post=11170"},{"taxonomy":"post_tag","embeddable":true,"href":"https:\/\/notipampa.com\/index.php?rest_route=%2Fwp%2Fv2%2Ftags&post=11170"}],"curies":[{"name":"wp","href":"https:\/\/api.w.org\/{rel}","templated":true}]}}