{"id":11136,"date":"2023-08-23T09:21:10","date_gmt":"2023-08-23T12:21:10","guid":{"rendered":"https:\/\/notipampa.com\/?p=11136"},"modified":"2023-08-23T09:21:11","modified_gmt":"2023-08-23T12:21:11","slug":"la-pampa-medicamentos-subieron-en-promedio-un-20","status":"publish","type":"post","link":"https:\/\/notipampa.com\/?p=11136","title":{"rendered":"La Pampa: Medicamentos subieron en promedio un 20%"},"content":{"rendered":"\n<p><strong>El presidente del Colegio Farmac\u00e9utico de La Pampa, Miguel Osio explic\u00f3 que el 20% de aumento es promedio porque &#8220;un laboratorio puede aumentar el 2% en un medicamento y en uno de mucho uso un 40%. En promedio da un 20% de aumento&#8221;.<\/strong><\/p>\n\n\n\n<p>El precio de los medicamentos en La Pampa subieron un 20% de promedio producto de la devaluaci\u00f3n de la semana pasada. El compromiso de los laboratorios es mantener esos valores hasta el 31 de octubre pr\u00f3ximo. El presidente del Colegio Farmac\u00e9utico de La Pampa, Miguel Osio explic\u00f3 que el 20% de aumento es promedio porque &#8220;un laboratorio puede aumentar el 2% en un medicamento que no tiene mucha salida; y en uno de mucho uso un 40%. En promedio da un 20% de aumento. Los medicamentos que mayor uso tienen aumentaron un 25 o 30%&#8221;.&nbsp;<\/p>\n\n\n\n<p>El Colegio Farmac\u00e9utico de La Pampa integra la Federaci\u00f3n Farmac\u00e9utica (Fefara). Junto a la Confederaci\u00f3n Farmac\u00e9utica Argentina (COFA), la Federaci\u00f3n Argentina de C\u00e1maras de Farmacias (Facaf), la Asociaci\u00f3n de Farmacias Mutuales y Sindicales (Afmsra) y la Asociaci\u00f3n Mutual Farmasur (FMS), anunciaron que los medicamentos hab\u00edan empezado a llegar con aumentos de entre el 15% y el 20% luego de la suba del d\u00f3lar.&nbsp;<\/p>\n\n\n\n<p>Osio,en declaraciones a Cpetv, dijo que la semana pasada hubo desabastecimiento. &#8220;Los medicamentos, por un tiempo corto, hab\u00edan desaparecido y las droguer\u00edas no ten\u00edan stock. Cuando se produce la corrida de precios de los medicamentos empiezan a aparecer&#8221;, explic\u00f3.&nbsp;<\/p>\n\n\n\n<p>&#8220;Todo genera incertidumbre, m\u00e1s all\u00e1 del contexto de pa\u00eds. Se gener\u00f3 una incertidumbre. Las farmacias no saben como resolverlo cuando hay desabastecimiento, que despu\u00e9s desapareci\u00f3 cuando se acomodaron los precios con la inflaci\u00f3n y la necesidad de los laboratorios&#8221;, dijo.<\/p>\n\n\n\n<p>Mencion\u00f3 que hubo casos de farmacias que no ten\u00edan medicamentos. &#8220;Hay farmacias que no pudieron entregar medicamentos en general y tuvo su impacto en los afiliados de Pami. Hab\u00eda algunas farmacias que no entregaban medicamentos: algunas por falta de stock&#8221;, coment\u00f3.<\/p>\n\n\n\n<p>El viernes pasado, el ministro de Econom\u00eda, Sergio Massa, anunci\u00f3 un acuerdo con laboratorios nacionales y cooperativos para que &#8220;no hayan m\u00e1s aumentos de medicamentos hasta el 31 de octubre&#8221;. &#8220;Hemos llegado a un acuerdo en el que el Estado cede parte de impuestos y las empresas ceden parte de su rentabilidad para que no haya m\u00e1s aumentos de medicamentos hasta el 31 de octubre&#8221;, afirm\u00f3 Massa.<\/p>\n\n\n\n<p>El funcionario se\u00f1al\u00f3 que los laboratorios nacionales y cooperativos de Argentina representan la gran mayor\u00eda de los medicamentos, son industria nacional y generan trabajo argentino.<\/p>\n\n\n\n<p>El Diario<\/p>\n","protected":false},"excerpt":{"rendered":"<p>El presidente del Colegio Farmac\u00e9utico de La Pampa, Miguel Osio explic\u00f3 que el 20% de aumento es promedio porque &#8220;un<\/p>\n","protected":false},"author":1,"featured_media":11137,"comment_status":"open","ping_status":"open","sticky":false,"template":"","format":"standard","meta":{"colormag_page_container_layout":"default_layout","colormag_page_sidebar_layout":"default_layout","footnotes":""},"categories":[4,8],"tags":[],"class_list":["post-11136","post","type-post","status-publish","format-standard","has-post-thumbnail","hentry","category-provincia","category-ultimas-noticias"],"_links":{"self":[{"href":"https:\/\/notipampa.com\/index.php?rest_route=\/wp\/v2\/posts\/11136","targetHints":{"allow":["GET"]}}],"collection":[{"href":"https:\/\/notipampa.com\/index.php?rest_route=\/wp\/v2\/posts"}],"about":[{"href":"https:\/\/notipampa.com\/index.php?rest_route=\/wp\/v2\/types\/post"}],"author":[{"embeddable":true,"href":"https:\/\/notipampa.com\/index.php?rest_route=\/wp\/v2\/users\/1"}],"replies":[{"embeddable":true,"href":"https:\/\/notipampa.com\/index.php?rest_route=%2Fwp%2Fv2%2Fcomments&post=11136"}],"version-history":[{"count":1,"href":"https:\/\/notipampa.com\/index.php?rest_route=\/wp\/v2\/posts\/11136\/revisions"}],"predecessor-version":[{"id":11138,"href":"https:\/\/notipampa.com\/index.php?rest_route=\/wp\/v2\/posts\/11136\/revisions\/11138"}],"wp:featuredmedia":[{"embeddable":true,"href":"https:\/\/notipampa.com\/index.php?rest_route=\/wp\/v2\/media\/11137"}],"wp:attachment":[{"href":"https:\/\/notipampa.com\/index.php?rest_route=%2Fwp%2Fv2%2Fmedia&parent=11136"}],"wp:term":[{"taxonomy":"category","embeddable":true,"href":"https:\/\/notipampa.com\/index.php?rest_route=%2Fwp%2Fv2%2Fcategories&post=11136"},{"taxonomy":"post_tag","embeddable":true,"href":"https:\/\/notipampa.com\/index.php?rest_route=%2Fwp%2Fv2%2Ftags&post=11136"}],"curies":[{"name":"wp","href":"https:\/\/api.w.org\/{rel}","templated":true}]}}