{"id":10897,"date":"2023-07-25T08:51:22","date_gmt":"2023-07-25T11:51:22","guid":{"rendered":"https:\/\/notipampa.com\/?p=10897"},"modified":"2023-07-25T08:51:23","modified_gmt":"2023-07-25T11:51:23","slug":"el-sindicato-de-comercio-y-la-uom-firmaron-acuerdos-salariales-por-un-trimestre-cuales-son-los-montos","status":"publish","type":"post","link":"https:\/\/notipampa.com\/?p=10897","title":{"rendered":"El Sindicato de Comercio y la UOM firmaron acuerdos salariales por un trimestre: cu\u00e1les son los montos"},"content":{"rendered":"\n<p><strong>El gremio que conduce Armando Cavalieri acord\u00f3 un 27% en tres tramos para julio-septiembre, mientras que los metal\u00fargicos encabezados por Abel Furl\u00e1n recibir\u00e1n un acumulado del 42,6% en ese mismo per\u00edodo. Se generalizan las paritarias cortas<\/strong><\/p>\n\n\n\n<p>Dos de los principales gremios de la Argentina se sumaron a&nbsp;<strong>la tendencia de firmar paritarias trimestrales<\/strong>&nbsp;para no perder frente a la inflaci\u00f3n. Por un lado, la&nbsp;<strong>Federaci\u00f3n Argentina de Empleados de Comercio y Servicios (FAECYS),&nbsp;<\/strong>el sindicato m\u00e1s numeroso del pa\u00eds, cerr\u00f3 esta tarde&nbsp;<strong>un acuerdo salarial por el trimestre julio-septiembre<\/strong>&nbsp;del&nbsp;<strong>27% en tres tramos<\/strong>, que permitir\u00e1 que el salario b\u00e1sico llegue al piso de $286.000, con presentismo. Por otro, la&nbsp;<strong>Uni\u00f3n Obrera Metal\u00fargica (UOM)<\/strong>&nbsp;pact\u00f3 un incremento acumulado del&nbsp;<strong>42,6% para el mismo per\u00edodo,&nbsp;<\/strong>que tambi\u00e9n se pagar\u00e1 en tres tramos.<\/p>\n\n\n\n<p>La paritaria de Comercio, que fue acordada entre la Faecys y las tres c\u00e1maras empresariales del sector, consiste en un aumento que se pagar\u00e1 de esta forma: 7,5% en julio, 7,5% en agosto y 7,5% septiembre, m\u00e1s el 4,5% como recupero del trimestre anterior, a abonarse en julio. Tambi\u00e9n incluye el compromiso de reunirse en&nbsp;<strong>septiembre&nbsp;<\/strong>para fijar un aumento para<strong>&nbsp;el \u00faltimo trimestre del a\u00f1o.<\/strong><\/p>\n\n\n\n<p>El gremio que conduce\u00a0<strong>Armando Cavalieri<\/strong>\u00a0hab\u00eda firmado en abril un aumento del\u00a0<strong>19,5% para el trimestre abril-junio 2023<\/strong>(6,5% cada mes) y un bono por \u00fanica vez de $25.000, en dos cuotas.<\/p>\n\n\n\n<p><img fetchpriority=\"high\" decoding=\"async\" alt=\"La ministra de Trabajo, Kelly Olmos, y el titular de la UOM, Abel Furl\u00e1n, en la firma de las paritarias de abril pasado\" height=\"1080\" width=\"1920\" src=\"https:\/\/www.infobae.com\/new-resizer\/hKoP5im1CGaAO0Sps-avFbQ1_-g=\/arc-anglerfish-arc2-prod-infobae\/public\/MQANT3GEVZBRRBNXXJHCGFKO2Y.jpg\" srcset=\"https:\/\/www.infobae.com\/new-resizer\/dCEmJUWu5UFZLV7mJikLNNx0aC4=\/420x236\/filters:format(webp):quality(85)\/cloudfront-us-east-1.images.arcpublishing.com\/infobae\/MQANT3GEVZBRRBNXXJHCGFKO2Y.jpg 420w,https:\/\/www.infobae.com\/new-resizer\/8Yfz3CLXmJV9P-ZN8-Sw7fSAGsM=\/768x432\/filters:format(webp):quality(85)\/cloudfront-us-east-1.images.arcpublishing.com\/infobae\/MQANT3GEVZBRRBNXXJHCGFKO2Y.jpg 768w,https:\/\/www.infobae.com\/new-resizer\/OMW2JMVcoMHvd4YzupNVXIFRJqg=\/992x558\/filters:format(webp):quality(85)\/cloudfront-us-east-1.images.arcpublishing.com\/infobae\/MQANT3GEVZBRRBNXXJHCGFKO2Y.jpg 992w,https:\/\/www.infobae.com\/new-resizer\/wIgECbJpzs8CPFd_6HNDRb-bId8=\/1200x675\/filters:format(webp):quality(85)\/cloudfront-us-east-1.images.arcpublishing.com\/infobae\/MQANT3GEVZBRRBNXXJHCGFKO2Y.jpg 1200w,https:\/\/www.infobae.com\/new-resizer\/uH_4KnO7eNeAqM8O7Y5QiLLPLr8=\/1440x810\/filters:format(webp):quality(85)\/cloudfront-us-east-1.images.arcpublishing.com\/infobae\/MQANT3GEVZBRRBNXXJHCGFKO2Y.jpg 1440w\">La ministra de Trabajo, Kelly Olmos, y el titular de la UOM, Abel Furl\u00e1n, en la firma de las paritarias de abril pasado<\/p>\n\n\n\n<p>El l\u00edder de Faecys declar\u00f3 que contin\u00faa \u201cesta&nbsp;<strong>din\u00e1mica&nbsp;<\/strong>de acordar los aumentos de manera trimestral, que nos permite tener un panorama m\u00e1s preciso sobre c\u00f3mo avanza la evoluci\u00f3n de los precios y as\u00ed&nbsp;<strong>defender de la mejor manera el poder adquisitivo<\/strong>&nbsp;de los trabajadores\u201d.<\/p>\n\n\n\n<p>\u201cAdem\u00e1s de lograr este acuerdo trimestral -agreg\u00f3-, pudimos consensuar con el sector empresario una&nbsp;<strong>adici\u00f3n<\/strong>&nbsp;del 4,5% correspondiente al&nbsp;<strong>trimestre anterior,<\/strong>&nbsp;teniendo en cuenta las variables econ\u00f3micas ocurridas durante \u00e9se per\u00edodo. Como siempre, valoramos mucho&nbsp;<strong>el di\u00e1logo permanente,&nbsp;<\/strong>no s\u00f3lo con el empresariado, sino tambi\u00e9n con los funcionarios del Ministerio de Trabajo\u201d.<\/p>\n\n\n\n<p>En el caso de la&nbsp;<strong>UOM<\/strong>, encabezada por Abel Furl\u00e1n, la paritaria firmada consiste en un&nbsp;<strong>42,6% acumulado<\/strong>&nbsp;que se dividir\u00e1 en<strong>&nbsp;tres tramos:<\/strong>&nbsp;20% en julio, 9% en agosto y un 9% en septiembre, a lo que suma un&nbsp;<strong>bono&nbsp;<\/strong>por el D\u00eda del Trabajador Metal\u00fargico que se pagar\u00e1 en&nbsp;<strong>dos cuotas de $30.000,&nbsp;<\/strong>en agosto y septiembre. Adem\u00e1s, el gremio acord\u00f3 con los empresarios que en el \u00faltimo trimestre del a\u00f1o se aumentar\u00e1n los sueldos<strong>&nbsp;de acuerdo con la inflaci\u00f3n<\/strong>&nbsp;de cada uno de esos meses.<\/p>\n\n\n\n<p><img decoding=\"async\" alt=\"Gerardo Mart\u00ednez, titular de UOCRA\" height=\"1080\" width=\"1920\" src=\"https:\/\/www.infobae.com\/new-resizer\/DKg9TOPogZiUjD9iWJN2GmEfS3c=\/arc-anglerfish-arc2-prod-infobae\/public\/VF72DYXUZNGWHLB5KAZX7H36QE.jpg\" srcset=\"https:\/\/www.infobae.com\/new-resizer\/aewaTdsXbkUzucYQQpNvFPnbw2k=\/420x236\/filters:format(webp):quality(85)\/cloudfront-us-east-1.images.arcpublishing.com\/infobae\/VF72DYXUZNGWHLB5KAZX7H36QE.jpg 420w,https:\/\/www.infobae.com\/new-resizer\/krQp3onK53QknaEvq_MrRqdfOMY=\/768x432\/filters:format(webp):quality(85)\/cloudfront-us-east-1.images.arcpublishing.com\/infobae\/VF72DYXUZNGWHLB5KAZX7H36QE.jpg 768w,https:\/\/www.infobae.com\/new-resizer\/6ENC-4SvmBxHDAl6NmR2dW9n5-I=\/992x558\/filters:format(webp):quality(85)\/cloudfront-us-east-1.images.arcpublishing.com\/infobae\/VF72DYXUZNGWHLB5KAZX7H36QE.jpg 992w,https:\/\/www.infobae.com\/new-resizer\/A4W5MR8Buke6kEO-AJ6WrXQinIk=\/1200x675\/filters:format(webp):quality(85)\/cloudfront-us-east-1.images.arcpublishing.com\/infobae\/VF72DYXUZNGWHLB5KAZX7H36QE.jpg 1200w,https:\/\/www.infobae.com\/new-resizer\/cr6iE8fldG5Mk61IjCcW5b3l8Bo=\/1440x810\/filters:format(webp):quality(85)\/cloudfront-us-east-1.images.arcpublishing.com\/infobae\/VF72DYXUZNGWHLB5KAZX7H36QE.jpg 1440w\">Gerardo Mart\u00ednez, titular de UOCRA<\/p>\n\n\n\n<p>De esta forma, la UOM cerr\u00f3 su acuerdo salarial en medio del per\u00edodo de&nbsp;<strong>conciliaci\u00f3n obligatoria<\/strong>&nbsp;que dispuso el viernes pasado el Ministerio de Trabajo, tras el inicio de un plan de lucha que incluy\u00f3&nbsp;<strong>paros y movilizaciones<\/strong>&nbsp;en reclamo de un incremento del 30% para el per\u00edodo julio-septiembre.<\/p>\n\n\n\n<p>Las paritarias cortas que alcanzaron Comercio y la UOM consolidan la&nbsp;<strong>tendencia&nbsp;<\/strong>de sindicalistas y empresarios de firmar acuerdos trimestrales, como sucede en \u00e9pocas de alta inflaci\u00f3n. El plazo habitual de vigencia de los convenios es<strong>&nbsp;anual,<\/strong>&nbsp;con cl\u00e1usulas que comprometen a las partes a sentarse a negociar la&nbsp;<strong>compensaci\u00f3n&nbsp;<\/strong>de eventuales desfases ante el incremento inflacionario.<\/p>\n\n\n\n<p>En&nbsp;<strong>abril&nbsp;<\/strong>pasado, Cavalieri fue uno de los dirigentes que se sum\u00f3 a las negociaciones salariales&nbsp;<strong>cortas<\/strong>&nbsp;con un aumento del&nbsp;<strong>19,5% para el el trimestre abril-junio 2023,&nbsp;<\/strong>con 6,5% para cada mes, adem\u00e1s de un bono por \u00fanica vez de&nbsp;<strong>$25.000,<\/strong>&nbsp;abonado en dos cuotas, para cerrar la paritaria 2022\/2023.<\/p>\n\n\n\n<p><img decoding=\"async\" alt=\"Sergio Massa avala los acuerdos salariales por trimestre\" height=\"3224\" width=\"4633\" src=\"https:\/\/www.infobae.com\/new-resizer\/8Ii4QlMpWVVrRCGqsMB82PHbX-4=\/arc-anglerfish-arc2-prod-infobae\/public\/IGZBNZ4LOUDCZETVW3NV777O3Y.jpg\" srcset=\"https:\/\/www.infobae.com\/new-resizer\/f5IxAp9A0IOsjKE2M59wg107M2A=\/420x280\/filters:format(webp):quality(85)\/cloudfront-us-east-1.images.arcpublishing.com\/infobae\/IGZBNZ4LOUDCZETVW3NV777O3Y.jpg 420w,https:\/\/www.infobae.com\/new-resizer\/1_bfLjpmxN90aCgKVY_A00PEufw=\/768x512\/filters:format(webp):quality(85)\/cloudfront-us-east-1.images.arcpublishing.com\/infobae\/IGZBNZ4LOUDCZETVW3NV777O3Y.jpg 768w,https:\/\/www.infobae.com\/new-resizer\/vuZFCflwzzD_yk8Ob27FC6mL5XY=\/992x661\/filters:format(webp):quality(85)\/cloudfront-us-east-1.images.arcpublishing.com\/infobae\/IGZBNZ4LOUDCZETVW3NV777O3Y.jpg 992w,https:\/\/www.infobae.com\/new-resizer\/I81jct8hK9v7wjFYruB_gqAQ0xA=\/1200x800\/filters:format(webp):quality(85)\/cloudfront-us-east-1.images.arcpublishing.com\/infobae\/IGZBNZ4LOUDCZETVW3NV777O3Y.jpg 1200w,https:\/\/www.infobae.com\/new-resizer\/eQt7hRJfi-iKafo8UKKTDa5HjQw=\/1440x960\/filters:format(webp):quality(85)\/cloudfront-us-east-1.images.arcpublishing.com\/infobae\/IGZBNZ4LOUDCZETVW3NV777O3Y.jpg 1440w\">Sergio Massa avala los acuerdos salariales por trimestre<\/p>\n\n\n\n<p>Ese mismo mes, Furl\u00e1n acord\u00f3 un aumento salarial para el trimestre abril-junio en dos tramos:<strong>&nbsp;un 10% en abril y un 8% acumulativo en mayo,&nbsp;<\/strong>con una revisi\u00f3n para junio.<\/p>\n\n\n\n<p>Lo mismo hizo en abril la&nbsp;<strong>Uni\u00f3n Obrera de la Construcci\u00f3n de la Argentina (UOCRA),<\/strong>&nbsp;conducida por Gerardo Mart\u00ednez, que firm\u00f3 un incremento del&nbsp;<strong>22% para el trimestre abril-junio<\/strong>, con un compromiso de revisi\u00f3n para julio pr\u00f3ximo. A principios de este mes, el sindicato acord\u00f3 un<strong>&nbsp;29,6% para julio, agosto y septiembre,<\/strong>&nbsp;lo que permitir\u00e1 que en el primer semestre de 2023 los sueldos de 430.000 trabajadores del sector tengan una recomposici\u00f3n que alcanzar\u00e1 un acumulado del&nbsp;<strong>58%.<\/strong><\/p>\n\n\n\n<p>El Ministerio de Econom\u00eda comenz\u00f3 el a\u00f1o incentivando a los sindicalistas a aceptar una pauta salarial del&nbsp;<strong>30% para el primer semestre,<\/strong>&nbsp;tal como hab\u00eda fijado en enero pasado, pero con el correr de los meses, y del aumento de la inflaci\u00f3n,&nbsp;<strong>se generalizaron los acuerdos trimestrales.<\/strong><\/p>\n","protected":false},"excerpt":{"rendered":"<p>El gremio que conduce Armando Cavalieri acord\u00f3 un 27% en tres tramos para julio-septiembre, mientras que los metal\u00fargicos encabezados por<\/p>\n","protected":false},"author":1,"featured_media":10898,"comment_status":"open","ping_status":"open","sticky":false,"template":"","format":"standard","meta":{"colormag_page_container_layout":"default_layout","colormag_page_sidebar_layout":"default_layout","footnotes":""},"categories":[5,8],"tags":[],"class_list":["post-10897","post","type-post","status-publish","format-standard","has-post-thumbnail","hentry","category-nacionales","category-ultimas-noticias"],"_links":{"self":[{"href":"https:\/\/notipampa.com\/index.php?rest_route=\/wp\/v2\/posts\/10897","targetHints":{"allow":["GET"]}}],"collection":[{"href":"https:\/\/notipampa.com\/index.php?rest_route=\/wp\/v2\/posts"}],"about":[{"href":"https:\/\/notipampa.com\/index.php?rest_route=\/wp\/v2\/types\/post"}],"author":[{"embeddable":true,"href":"https:\/\/notipampa.com\/index.php?rest_route=\/wp\/v2\/users\/1"}],"replies":[{"embeddable":true,"href":"https:\/\/notipampa.com\/index.php?rest_route=%2Fwp%2Fv2%2Fcomments&post=10897"}],"version-history":[{"count":1,"href":"https:\/\/notipampa.com\/index.php?rest_route=\/wp\/v2\/posts\/10897\/revisions"}],"predecessor-version":[{"id":10899,"href":"https:\/\/notipampa.com\/index.php?rest_route=\/wp\/v2\/posts\/10897\/revisions\/10899"}],"wp:featuredmedia":[{"embeddable":true,"href":"https:\/\/notipampa.com\/index.php?rest_route=\/wp\/v2\/media\/10898"}],"wp:attachment":[{"href":"https:\/\/notipampa.com\/index.php?rest_route=%2Fwp%2Fv2%2Fmedia&parent=10897"}],"wp:term":[{"taxonomy":"category","embeddable":true,"href":"https:\/\/notipampa.com\/index.php?rest_route=%2Fwp%2Fv2%2Fcategories&post=10897"},{"taxonomy":"post_tag","embeddable":true,"href":"https:\/\/notipampa.com\/index.php?rest_route=%2Fwp%2Fv2%2Ftags&post=10897"}],"curies":[{"name":"wp","href":"https:\/\/api.w.org\/{rel}","templated":true}]}}