{"id":10771,"date":"2023-07-13T08:30:41","date_gmt":"2023-07-13T11:30:41","guid":{"rendered":"https:\/\/notipampa.com\/?p=10771"},"modified":"2023-07-13T08:30:42","modified_gmt":"2023-07-13T11:30:42","slug":"santa-rosa-murio-un-hombre-en-situacion-de-calle","status":"publish","type":"post","link":"https:\/\/notipampa.com\/?p=10771","title":{"rendered":"Santa Rosa: muri\u00f3 un hombre en situaci\u00f3n de calle"},"content":{"rendered":"\n<p><strong>El cuerpo de un hombre fue encontrado ayer al mediod\u00eda en el Parque Recreativo Don Tom\u00e1s, en la capital pampeana.<\/strong><\/p>\n\n\n\n<p>Un hombre de 50 a\u00f1os fue hallado sin vida esta ma\u00f1ana en uno de los canales a cielo abierto que hay en la Laguna Don Tom\u00e1s.<\/p>\n\n\n\n<p>El lugar, cerca del acceso al predio por avenida Uruguay, fue acordonado para poder retirar el cuerpo y realizar las pericias.<\/p>\n\n\n\n<p>Fuentes policiales informaron a Plan B Noticias que es una persona que se encontraba en situaci\u00f3n de calle.<\/p>\n\n\n\n<p><strong>El CASO RECIENTE DE GENERAL PICO<\/strong><\/p>\n\n\n\n<p>El fiscal Guillermo Komarofky en ese momento la noticia del de un hombre de 48 a\u00f1os por hipotermia en General Pico. El suceso tuvo lugar cerca de las v\u00edas, en la intersecci\u00f3n de la calle 19 y la Avenida, un lugar frecuentado por personas en situaci\u00f3n de calle el pasado 21 de junio 2023.<\/p>\n\n\n\n<p>Seg\u00fan los informes, dos hombres que viv\u00edan en la misma zona encontraron a la v\u00edctima, identificada como Luis Eliel Zu\u00f1iga, sin responder y buscaron asistencia m\u00e9dica.<\/p>\n\n\n\n<p>\u201cHab\u00edan dos sujetos que hab\u00edan ido a solicitar ayuda m\u00e9dica del SEM, en virtud de que estaban en situaci\u00f3n de calle viviendo o durmiendo ah\u00ed junto a un tercero, y este tercero al ver que pasaba las horas de la ma\u00f1ana y no despertaba, intentaron despertarlo y se encontraba que no reaccionaba\u201d, explic\u00f3 el fiscal.<\/p>\n\n\n\n<p>Cuando el personal del SEM lleg\u00f3 al lugar, constataron la muerte de Z\u00fa\u00f1iga. La autopsia realizada por el m\u00e9dico forense, el Dr. Gustavo Ferreira, determin\u00f3 que la causa de la muerte fue hipotermia. Komarofky describi\u00f3 que Z\u00fa\u00f1iga estaba durmiendo en la intemperie, cubierto con algunos objetos para abrigarse.<\/p>\n\n\n\n<p>La b\u00fasqueda de familiares de Z\u00fa\u00f1iga est\u00e1 en curso, ya que, hasta el momento, nadie ha reclamado su cuerpo. \u201cEsta persona es nacida en la provincia de Buenos Aires, seg\u00fan su DNI. Podr\u00eda tener alg\u00fan familiar en la ciudad o en la provincia\u201d, indic\u00f3 Komarofky.<\/p>\n\n\n\n<p>Si no aparecen familiares, el municipio se har\u00e1 cargo de los restos de Zu\u00f1iga, como explic\u00f3 el fiscal: \u201cHe dado intervenci\u00f3n al municipio en virtud de que administran un cementerio, el cementerio municipal. Por la cuesti\u00f3n de salubridad y higiene, por ahora, los restos est\u00e1n en la morgue judicial, pero he ordenado que sean trasladados al municipio local\u201d.<\/p>\n","protected":false},"excerpt":{"rendered":"<p>El cuerpo de un hombre fue encontrado ayer al mediod\u00eda en el Parque Recreativo Don Tom\u00e1s, en la capital pampeana.<\/p>\n","protected":false},"author":1,"featured_media":10772,"comment_status":"open","ping_status":"open","sticky":false,"template":"","format":"standard","meta":{"colormag_page_container_layout":"default_layout","colormag_page_sidebar_layout":"default_layout","footnotes":""},"categories":[56,4,8],"tags":[],"class_list":["post-10771","post","type-post","status-publish","format-standard","has-post-thumbnail","hentry","category-policiales","category-provincia","category-ultimas-noticias"],"_links":{"self":[{"href":"https:\/\/notipampa.com\/index.php?rest_route=\/wp\/v2\/posts\/10771","targetHints":{"allow":["GET"]}}],"collection":[{"href":"https:\/\/notipampa.com\/index.php?rest_route=\/wp\/v2\/posts"}],"about":[{"href":"https:\/\/notipampa.com\/index.php?rest_route=\/wp\/v2\/types\/post"}],"author":[{"embeddable":true,"href":"https:\/\/notipampa.com\/index.php?rest_route=\/wp\/v2\/users\/1"}],"replies":[{"embeddable":true,"href":"https:\/\/notipampa.com\/index.php?rest_route=%2Fwp%2Fv2%2Fcomments&post=10771"}],"version-history":[{"count":1,"href":"https:\/\/notipampa.com\/index.php?rest_route=\/wp\/v2\/posts\/10771\/revisions"}],"predecessor-version":[{"id":10773,"href":"https:\/\/notipampa.com\/index.php?rest_route=\/wp\/v2\/posts\/10771\/revisions\/10773"}],"wp:featuredmedia":[{"embeddable":true,"href":"https:\/\/notipampa.com\/index.php?rest_route=\/wp\/v2\/media\/10772"}],"wp:attachment":[{"href":"https:\/\/notipampa.com\/index.php?rest_route=%2Fwp%2Fv2%2Fmedia&parent=10771"}],"wp:term":[{"taxonomy":"category","embeddable":true,"href":"https:\/\/notipampa.com\/index.php?rest_route=%2Fwp%2Fv2%2Fcategories&post=10771"},{"taxonomy":"post_tag","embeddable":true,"href":"https:\/\/notipampa.com\/index.php?rest_route=%2Fwp%2Fv2%2Ftags&post=10771"}],"curies":[{"name":"wp","href":"https:\/\/api.w.org\/{rel}","templated":true}]}}