{"id":10656,"date":"2023-06-21T08:51:52","date_gmt":"2023-06-21T11:51:52","guid":{"rendered":"https:\/\/notipampa.com\/?p=10656"},"modified":"2023-06-21T08:51:53","modified_gmt":"2023-06-21T11:51:53","slug":"tragico-accidente-en-general-pico-un-motociclista-muere-en-choque-frontal","status":"publish","type":"post","link":"https:\/\/notipampa.com\/?p=10656","title":{"rendered":"Tr\u00e1gico accidente en General Pico: un motociclista muere en choque frontal"},"content":{"rendered":"\n<p><strong>Un fatal accidente ocurri\u00f3 esta ma\u00f1ana en la Ruta Provincial 1, frente al predio de la Asociaci\u00f3n Italiana de General Pico, donde un motociclista perdi\u00f3 la vida en un impacto frontal con un autom\u00f3vil.<\/strong><\/p>\n\n\n\n<p>El tr\u00e1gico siniestro vial tuvo lugar minutos antes de las 6:00, cuando una motocicleta Motomel Skua 150 cc y un Renault Megane colisionaron de manera frontal. El conductor de la motocicleta muri\u00f3 instant\u00e1neamente en el feroz impacto.<\/p>\n\n\n\n<p>Seg\u00fan la informaci\u00f3n obtenida en el lugar del siniestro, los profesionales m\u00e9dicos del Servicio de Emergencias Medicas se presentaron r\u00e1pidamente, pero desafortunadamente ya era demasiado tarde. No pudieron hacer nada para salvar la vida del motociclista.<\/p>\n\n\n\n<p>Los profesionales de la salud tambi\u00e9n atendieron al conductor del Renault Megane. Hasta el momento no se han divulgado m\u00e1s detalles sobre su estado de salud o la naturaleza exacta de las lesiones sufridas.<\/p>\n\n\n\n<p>El \u00e1rea fue acordonada por las autoridades competentes, quienes iniciaron las investigaciones preliminares para determinar la secuencia exacta de eventos que llev\u00f3 al fatal accidente. Una dotaci\u00f3n de bomberos voluntarios tambi\u00e9n acudi\u00f3 al lugar para tareas de prevenci\u00f3n sobre los veh\u00edculos.<\/p>\n\n\n\n<figure class=\"wp-block-image is-resized\"><img fetchpriority=\"high\" decoding=\"async\" src=\"https:\/\/www.infopico.com\/wp-content\/uploads\/2023\/06\/accidente-grave.jpg\" alt=\"\" class=\"wp-image-230708\" width=\"1037\" height=\"691\"\/><\/figure>\n\n\n\n<figure class=\"wp-block-image is-resized\"><a href=\"https:\/\/www.infopico.com\/wp-content\/uploads\/2023\/06\/accidente-1.jpg\" target=\"_blank\" rel=\"noopener\"><img decoding=\"async\" src=\"https:\/\/www.infopico.com\/wp-content\/uploads\/2023\/06\/accidente-1.jpg\" alt=\"\" class=\"wp-image-230702\" width=\"1035\" height=\"690\"\/><\/a><\/figure>\n\n\n\n<p>Infopico<\/p>\n","protected":false},"excerpt":{"rendered":"<p>Un fatal accidente ocurri\u00f3 esta ma\u00f1ana en la Ruta Provincial 1, frente al predio de la Asociaci\u00f3n Italiana de General<\/p>\n","protected":false},"author":1,"featured_media":10657,"comment_status":"open","ping_status":"open","sticky":false,"template":"","format":"standard","meta":{"colormag_page_container_layout":"default_layout","colormag_page_sidebar_layout":"default_layout","footnotes":""},"categories":[56,4,8],"tags":[],"class_list":["post-10656","post","type-post","status-publish","format-standard","has-post-thumbnail","hentry","category-policiales","category-provincia","category-ultimas-noticias"],"_links":{"self":[{"href":"https:\/\/notipampa.com\/index.php?rest_route=\/wp\/v2\/posts\/10656","targetHints":{"allow":["GET"]}}],"collection":[{"href":"https:\/\/notipampa.com\/index.php?rest_route=\/wp\/v2\/posts"}],"about":[{"href":"https:\/\/notipampa.com\/index.php?rest_route=\/wp\/v2\/types\/post"}],"author":[{"embeddable":true,"href":"https:\/\/notipampa.com\/index.php?rest_route=\/wp\/v2\/users\/1"}],"replies":[{"embeddable":true,"href":"https:\/\/notipampa.com\/index.php?rest_route=%2Fwp%2Fv2%2Fcomments&post=10656"}],"version-history":[{"count":1,"href":"https:\/\/notipampa.com\/index.php?rest_route=\/wp\/v2\/posts\/10656\/revisions"}],"predecessor-version":[{"id":10658,"href":"https:\/\/notipampa.com\/index.php?rest_route=\/wp\/v2\/posts\/10656\/revisions\/10658"}],"wp:featuredmedia":[{"embeddable":true,"href":"https:\/\/notipampa.com\/index.php?rest_route=\/wp\/v2\/media\/10657"}],"wp:attachment":[{"href":"https:\/\/notipampa.com\/index.php?rest_route=%2Fwp%2Fv2%2Fmedia&parent=10656"}],"wp:term":[{"taxonomy":"category","embeddable":true,"href":"https:\/\/notipampa.com\/index.php?rest_route=%2Fwp%2Fv2%2Fcategories&post=10656"},{"taxonomy":"post_tag","embeddable":true,"href":"https:\/\/notipampa.com\/index.php?rest_route=%2Fwp%2Fv2%2Ftags&post=10656"}],"curies":[{"name":"wp","href":"https:\/\/api.w.org\/{rel}","templated":true}]}}