{"id":10449,"date":"2023-05-29T09:02:05","date_gmt":"2023-05-29T12:02:05","guid":{"rendered":"https:\/\/notipampa.com\/?p=10449"},"modified":"2023-05-29T09:02:06","modified_gmt":"2023-05-29T12:02:06","slug":"accidente-fatal-cerca-de-general-acha-4-personas-murieron-tras-chocar-de-atras-a-un-camion","status":"publish","type":"post","link":"https:\/\/notipampa.com\/?p=10449","title":{"rendered":"ACCIDENTE FATAL CERCA DE GENERAL ACHA: 4 personas murieron tras chocar de atr\u00e1s a un cami\u00f3n"},"content":{"rendered":"\n<p>Ayer aproximadamente a las 6:45 se produjo otro lamentable accidente fatal en las rutas pampeanas: 4 personas fallecieron tras impactar con la parte trasera de un cami\u00f3n en el kil\u00f3metro 293 de la Ruta Provincial 9, pasando la Laguna Utrac\u00e1n. En auto implicado viajaban 5 personas, de las que solo sobrevivi\u00f3 una joven de 13 a\u00f1os, internada en grave estado en el Hospital de General Acha.<\/p>\n\n\n\n<p>Seg\u00fan comunic\u00f3 el Jefe de la Unidad Regional III, el Comisario General Federico Arcajo, el incidente involucr\u00f3 a un autom\u00f3vil marca Kia que se dirig\u00eda desde Acha a Queh\u00fae, donde v\u00edvian. En el veh\u00edculo se trasladaban 5 personas, de las cuales 4 terminaron falleciendo: dos hombres de 43 a\u00f1os, un joven de 16 y una mujer de 30. Solo sobrevivi\u00f3 una joven de 13 a\u00f1os, que debi\u00f3 ser reanimada por el personal de salud tras ser rescatada por el grupo de trabajo de bomberos en el lugar.<\/p>\n\n\n\n<p>La ni\u00f1a fue trasladada al Hospital de General Acha donde se encuentra en estado grave.<\/p>\n\n\n\n<p><strong>El choque<\/strong><\/p>\n\n\n\n<p>Arcajo manifest\u00f3 que el veh\u00edculo choc\u00f3 de atr\u00e1s con un cami\u00f3n Mercedez Benz en el que circulaban 3 hombres, domicilidos en Cervantes, R\u00edo Negro. Todos ellos arrojaron resultados negativos en el alcohotest.<\/p>\n\n\n\n<p>En el lugar trabajaron Bomberos Voluntarios, la Agencia de Investigaci\u00f3n Cient\u00edfica y personal del Hospital de General Acha, adem\u00e1s de la polic\u00eda de la UR III.<\/p>\n\n\n\n<p>Infopico<\/p>\n","protected":false},"excerpt":{"rendered":"<p>Ayer aproximadamente a las 6:45 se produjo otro lamentable accidente fatal en las rutas pampeanas: 4 personas fallecieron tras impactar<\/p>\n","protected":false},"author":1,"featured_media":10450,"comment_status":"open","ping_status":"open","sticky":false,"template":"","format":"standard","meta":{"colormag_page_container_layout":"default_layout","colormag_page_sidebar_layout":"default_layout","footnotes":""},"categories":[56,4,8],"tags":[],"class_list":["post-10449","post","type-post","status-publish","format-standard","has-post-thumbnail","hentry","category-policiales","category-provincia","category-ultimas-noticias"],"_links":{"self":[{"href":"https:\/\/notipampa.com\/index.php?rest_route=\/wp\/v2\/posts\/10449","targetHints":{"allow":["GET"]}}],"collection":[{"href":"https:\/\/notipampa.com\/index.php?rest_route=\/wp\/v2\/posts"}],"about":[{"href":"https:\/\/notipampa.com\/index.php?rest_route=\/wp\/v2\/types\/post"}],"author":[{"embeddable":true,"href":"https:\/\/notipampa.com\/index.php?rest_route=\/wp\/v2\/users\/1"}],"replies":[{"embeddable":true,"href":"https:\/\/notipampa.com\/index.php?rest_route=%2Fwp%2Fv2%2Fcomments&post=10449"}],"version-history":[{"count":1,"href":"https:\/\/notipampa.com\/index.php?rest_route=\/wp\/v2\/posts\/10449\/revisions"}],"predecessor-version":[{"id":10451,"href":"https:\/\/notipampa.com\/index.php?rest_route=\/wp\/v2\/posts\/10449\/revisions\/10451"}],"wp:featuredmedia":[{"embeddable":true,"href":"https:\/\/notipampa.com\/index.php?rest_route=\/wp\/v2\/media\/10450"}],"wp:attachment":[{"href":"https:\/\/notipampa.com\/index.php?rest_route=%2Fwp%2Fv2%2Fmedia&parent=10449"}],"wp:term":[{"taxonomy":"category","embeddable":true,"href":"https:\/\/notipampa.com\/index.php?rest_route=%2Fwp%2Fv2%2Fcategories&post=10449"},{"taxonomy":"post_tag","embeddable":true,"href":"https:\/\/notipampa.com\/index.php?rest_route=%2Fwp%2Fv2%2Ftags&post=10449"}],"curies":[{"name":"wp","href":"https:\/\/api.w.org\/{rel}","templated":true}]}}