{"id":10090,"date":"2023-04-11T08:50:33","date_gmt":"2023-04-11T11:50:33","guid":{"rendered":"https:\/\/notipampa.com\/?p=10090"},"modified":"2023-04-11T08:50:33","modified_gmt":"2023-04-11T11:50:33","slug":"alvear-condenaron-al-autor-del-robo-millonario-a-un-ano-y-seis-meses-de-prision-condicional","status":"publish","type":"post","link":"https:\/\/notipampa.com\/?p=10090","title":{"rendered":"Alvear: Condenaron al autor del robo millonario a un a\u00f1o y seis meses de prisi\u00f3n condicional"},"content":{"rendered":"\n<p><strong>El juez de control de General Pico, Diego Ambrogetti, conden\u00f3\u00a0a\u00a0H\u00e9ctor Nicol\u00e1s Alfonso, de 27 a\u00f1os, por considerarlo autor material y penalmente responsable del delito de\u00a0robo simple,\u00a0a la pena de\u00a0un a\u00f1o y seis meses de prisi\u00f3n de ejecuci\u00f3n condicional,\u00a0fijando las siguientes reglas de conducta a cumplir durante el plazo de dos a\u00f1os: fijar domicilio y someterse al cuidado del Ente de Pol\u00edticas Socializadoras y la Unidad de Abordaje, Supervisi\u00f3n y Orientaci\u00f3n para personas en conflicto con la ley y\u00a0prohibici\u00f3n gen\u00e9rica de acercamiento, comunicaci\u00f3n y contacto por cualquier medio respecto de los damnificados.<\/strong><\/p>\n\n\n\n<p>El acuerdo fue presentado por los fiscales Mar\u00eda Ver\u00f3nica Campo y Juan Cupayolo, el defensor particular Jer\u00f3nimo Altamirano y el imputado. Los damnificados, al ser informados por la fiscal\u00eda manifestaron su conformidad con el acuerdo de juicio abreviado, asimismo con la pena y las reglas de conducta solicitadas respecto del imputado.&nbsp;<strong>Parte del dinero sustra\u00eddo fue recuperado por las v\u00edctimas<\/strong>.<\/p>\n\n\n\n<p>El hecho ocurri\u00f3 entre el 18 y el 19 de enero pasado, en Intendente Alvear, cuando el imputado, previo forzar la persiana y una de las ventanas que se corresponden a la cocina de un inmueble, sustrajo la suma aproximada de pesos tres millones quinientos mil y de d\u00f3lares diez mil trescientos, los cuales se encontraban en uno de los dormitorios de la vivienda de los damnificados.<\/p>\n\n\n\n<p>Del informe del Registro Nacional de Reincidencia surge que H\u00e9ctor Nicol\u00e1s Alfonso no registra antecedentes condenatorios.<\/p>\n\n\n\n<p>En cuanto a la pena a imponer, el juez agreg\u00f3\u00a0\u00a0que el monto acordado resulta \u201cun l\u00edmite punitivo para el juzgador, que no puede ser franqueado por quien tiene a su cargo resolver la cuesti\u00f3n presentada por las partes, debi\u00e9ndose en definitiva, respetar lo convenido, dado que ello es una obligaci\u00f3n legal impuesta por el art. 369 del C.P.P., ya que el criterio sobre la mensuraci\u00f3n de la pena queda en cabeza de la pretensi\u00f3n punitiva del Fiscal, seg\u00fan la Corte Suprema de Justicia de la Naci\u00f3n, siendo aquel quien establece el m\u00e1ximo tope de la misma y de la pena aplicable, por lo cual, si el titular de la acci\u00f3n penal acord\u00f3 con el imputado y su defensor el monto ut-supra mencionado, habr\u00e1 efectuado para ello la correspondiente evaluaci\u00f3n, cont\u00e1ndose asimismo con la conformidad de los damnificados respecto de la salida alternativa alcanzada\u201d.<\/p>\n\n\n\n<figure class=\"wp-block-embed is-type-wp-embed is-provider-noti-pampa wp-block-embed-noti-pampa\"><div class=\"wp-block-embed__wrapper\">\n<blockquote class=\"wp-embedded-content\" data-secret=\"LuJFVfyQHV\"><a href=\"https:\/\/notipampa.com\/?p=9391\">Alvear: Robo millonario en una vivienda mientras los due\u00f1os no estaban<\/a><\/blockquote><iframe class=\"wp-embedded-content\" sandbox=\"allow-scripts\" security=\"restricted\" style=\"position: absolute; clip: rect(1px, 1px, 1px, 1px);\" title=\"&#8220;Alvear: Robo millonario en una vivienda mientras los due\u00f1os no estaban&#8221; &#8212; Noti Pampa\" src=\"https:\/\/notipampa.com\/?p=9391&#038;embed=true#?secret=BQj8joqwi4#?secret=LuJFVfyQHV\" data-secret=\"LuJFVfyQHV\" width=\"600\" height=\"338\" frameborder=\"0\" marginwidth=\"0\" marginheight=\"0\" scrolling=\"no\"><\/iframe>\n<\/div><\/figure>\n","protected":false},"excerpt":{"rendered":"<p>El juez de control de General Pico, Diego Ambrogetti, conden\u00f3\u00a0a\u00a0H\u00e9ctor Nicol\u00e1s Alfonso, de 27 a\u00f1os, por considerarlo autor material y<\/p>\n","protected":false},"author":1,"featured_media":10091,"comment_status":"open","ping_status":"open","sticky":false,"template":"","format":"standard","meta":{"colormag_page_container_layout":"default_layout","colormag_page_sidebar_layout":"default_layout","footnotes":""},"categories":[6,56,8],"tags":[],"class_list":["post-10090","post","type-post","status-publish","format-standard","has-post-thumbnail","hentry","category-locales","category-policiales","category-ultimas-noticias"],"_links":{"self":[{"href":"https:\/\/notipampa.com\/index.php?rest_route=\/wp\/v2\/posts\/10090","targetHints":{"allow":["GET"]}}],"collection":[{"href":"https:\/\/notipampa.com\/index.php?rest_route=\/wp\/v2\/posts"}],"about":[{"href":"https:\/\/notipampa.com\/index.php?rest_route=\/wp\/v2\/types\/post"}],"author":[{"embeddable":true,"href":"https:\/\/notipampa.com\/index.php?rest_route=\/wp\/v2\/users\/1"}],"replies":[{"embeddable":true,"href":"https:\/\/notipampa.com\/index.php?rest_route=%2Fwp%2Fv2%2Fcomments&post=10090"}],"version-history":[{"count":1,"href":"https:\/\/notipampa.com\/index.php?rest_route=\/wp\/v2\/posts\/10090\/revisions"}],"predecessor-version":[{"id":10092,"href":"https:\/\/notipampa.com\/index.php?rest_route=\/wp\/v2\/posts\/10090\/revisions\/10092"}],"wp:featuredmedia":[{"embeddable":true,"href":"https:\/\/notipampa.com\/index.php?rest_route=\/wp\/v2\/media\/10091"}],"wp:attachment":[{"href":"https:\/\/notipampa.com\/index.php?rest_route=%2Fwp%2Fv2%2Fmedia&parent=10090"}],"wp:term":[{"taxonomy":"category","embeddable":true,"href":"https:\/\/notipampa.com\/index.php?rest_route=%2Fwp%2Fv2%2Fcategories&post=10090"},{"taxonomy":"post_tag","embeddable":true,"href":"https:\/\/notipampa.com\/index.php?rest_route=%2Fwp%2Fv2%2Ftags&post=10090"}],"curies":[{"name":"wp","href":"https:\/\/api.w.org\/{rel}","templated":true}]}}