{"id":10081,"date":"2023-04-10T11:14:59","date_gmt":"2023-04-10T14:14:59","guid":{"rendered":"https:\/\/notipampa.com\/?p=10081"},"modified":"2023-04-10T11:15:00","modified_gmt":"2023-04-10T14:15:00","slug":"general-pico-asaltaron-a-estudiantes-en-su-departamento","status":"publish","type":"post","link":"https:\/\/notipampa.com\/?p=10081","title":{"rendered":"General Pico: Asaltaron a estudiantes en su departamento"},"content":{"rendered":"\n<p><strong>Dos encapuchados ingresaron al domicilio tras ser abierta la puerta para ventilar; se llevaron celulares y dinero en efectivo sin causar heridas.<\/strong><\/p>\n\n\n\n<p>La madrugada de hoy, en calle 102 y 1 bis, dos estudiantes sufrieron un asalto en su departamento, seg\u00fan confirm\u00f3 el fiscal Dami\u00e1n Campos.<\/p>\n\n\n\n<p>Aproximadamente a las 5:30 de la ma\u00f1ana, los j\u00f3venes abrieron la puerta de su domicilio para permitir el ingreso de aire fresco, momento que fue aprovechado por dos individuos con rostros cubiertos, quienes ingresaron a la vivienda insinuando portar un arma, aunque las v\u00edctimas no pudieron confirmar su presencia.<\/p>\n\n\n\n<p>Los asaltantes, bajo amenaza, lograron apoderarse de celulares y dinero en efectivo en un breve lapso de tiempo, sin causar heridas a los residentes. El suceso fue descrito como un robo expr\u00e9s, ya que los delincuentes se dieron a la fuga en escasos minutos despu\u00e9s de perpetrar el acto delictivo.<\/p>\n\n\n\n<p>Afortunadamente, ninguno de los estudiantes result\u00f3 herido durante el asalto. El personal de la comisar\u00eda tercera se encuentra trabajando en el caso para dar con el paradero de los sospechosos y esclarecer el suceso.<\/p>\n","protected":false},"excerpt":{"rendered":"<p>Dos encapuchados ingresaron al domicilio tras ser abierta la puerta para ventilar; se llevaron celulares y dinero en efectivo sin<\/p>\n","protected":false},"author":1,"featured_media":10082,"comment_status":"open","ping_status":"open","sticky":false,"template":"","format":"standard","meta":{"colormag_page_container_layout":"default_layout","colormag_page_sidebar_layout":"default_layout","footnotes":""},"categories":[56,4,8],"tags":[],"class_list":["post-10081","post","type-post","status-publish","format-standard","has-post-thumbnail","hentry","category-policiales","category-provincia","category-ultimas-noticias"],"_links":{"self":[{"href":"https:\/\/notipampa.com\/index.php?rest_route=\/wp\/v2\/posts\/10081","targetHints":{"allow":["GET"]}}],"collection":[{"href":"https:\/\/notipampa.com\/index.php?rest_route=\/wp\/v2\/posts"}],"about":[{"href":"https:\/\/notipampa.com\/index.php?rest_route=\/wp\/v2\/types\/post"}],"author":[{"embeddable":true,"href":"https:\/\/notipampa.com\/index.php?rest_route=\/wp\/v2\/users\/1"}],"replies":[{"embeddable":true,"href":"https:\/\/notipampa.com\/index.php?rest_route=%2Fwp%2Fv2%2Fcomments&post=10081"}],"version-history":[{"count":1,"href":"https:\/\/notipampa.com\/index.php?rest_route=\/wp\/v2\/posts\/10081\/revisions"}],"predecessor-version":[{"id":10083,"href":"https:\/\/notipampa.com\/index.php?rest_route=\/wp\/v2\/posts\/10081\/revisions\/10083"}],"wp:featuredmedia":[{"embeddable":true,"href":"https:\/\/notipampa.com\/index.php?rest_route=\/wp\/v2\/media\/10082"}],"wp:attachment":[{"href":"https:\/\/notipampa.com\/index.php?rest_route=%2Fwp%2Fv2%2Fmedia&parent=10081"}],"wp:term":[{"taxonomy":"category","embeddable":true,"href":"https:\/\/notipampa.com\/index.php?rest_route=%2Fwp%2Fv2%2Fcategories&post=10081"},{"taxonomy":"post_tag","embeddable":true,"href":"https:\/\/notipampa.com\/index.php?rest_route=%2Fwp%2Fv2%2Ftags&post=10081"}],"curies":[{"name":"wp","href":"https:\/\/api.w.org\/{rel}","templated":true}]}}