{"id":10072,"date":"2023-04-10T09:30:50","date_gmt":"2023-04-10T12:30:50","guid":{"rendered":"https:\/\/notipampa.com\/?p=10072"},"modified":"2023-04-10T09:30:51","modified_gmt":"2023-04-10T12:30:51","slug":"un-camion-sin-luces-genero-un-choque-sobre-ruta-1-entre-dos-autos-en-uno-viajaba-una-familia-de-alvear","status":"publish","type":"post","link":"https:\/\/notipampa.com\/?p=10072","title":{"rendered":"Un cami\u00f3n sin luces gener\u00f3 un choque sobre Ruta 1 entre dos autos: en uno viajaba una familia de Alvear"},"content":{"rendered":"\n<p>Anoche, cerca del kil\u00f3metro 74 de la Ruta Provincial 1 en sentido Trebolares-Pico, un cami\u00f3n transitaba sin luces y atr\u00e1s ven\u00edan dos autom\u00f3viles, que terminaron impactando porque el primero en la fila debi\u00f3 frenar al notar que el veh\u00edculo de mayor porte reduc\u00eda su velocidad. No hubo lesionados, afortunadamente.<\/p>\n\n\n\n<figure class=\"wp-block-image\"><img decoding=\"async\" src=\"https:\/\/www.infopico.com\/wp-content\/uploads\/2023\/04\/Imagen-de-WhatsApp-2023-04-09-a-las-20.48.151.jpg?x60776\" alt=\"\" class=\"wp-image-222093\"\/><\/figure>\n\n\n\n<p>El primer auto en la fila logr\u00f3 ver al cami\u00f3n y detect\u00f3 que reduc\u00eda la velocidad para meterse en un camino vecinal, indicaron fuentes policiales. El Fluence, donde se trasladaba una familia piquense, fren\u00f3 y fue impactado por detr\u00e1s por el segundo veh\u00edculo, en el que transitaba una familia oriunda de Intendente Alvear.<video controls=\"\" src=\"https:\/\/audios.infopico.com\/videos\/subir\/uploaded\/64334ec849d8d.mp4\"><\/video><\/p>\n\n\n\n<p>En el lugar, trabaj\u00f3 personal de SEM y de Comisar\u00eda Segunda.<\/p>\n\n\n\n<p>Afortunadamente no hubo herido ni tampoco mayor informaci\u00f3n respecto al paradero del cami\u00f3n.<\/p>\n\n\n\n<figure class=\"wp-block-image\"><a href=\"https:\/\/www.infopico.com\/wp-content\/uploads\/2023\/04\/Imagen-de-WhatsApp-2023-04-09-a-las-20.48.16.jpg?x60776\" target=\"_blank\" rel=\"noopener\"><img decoding=\"async\" src=\"https:\/\/www.infopico.com\/wp-content\/uploads\/2023\/04\/Imagen-de-WhatsApp-2023-04-09-a-las-20.48.16.jpg?x60776\" alt=\"\" class=\"wp-image-222098\"\/><\/a><\/figure>\n\n\n\n<figure class=\"wp-block-image\"><a href=\"https:\/\/www.infopico.com\/wp-content\/uploads\/2023\/04\/Imagen-de-WhatsApp-2023-04-09-a-las-20.48.18.jpg?x60776\" target=\"_blank\" rel=\"noopener\"><img decoding=\"async\" src=\"https:\/\/www.infopico.com\/wp-content\/uploads\/2023\/04\/Imagen-de-WhatsApp-2023-04-09-a-las-20.48.18.jpg?x60776\" alt=\"\" class=\"wp-image-222097\"\/><\/a><\/figure>\n\n\n\n<figure class=\"wp-block-image\"><a href=\"https:\/\/www.infopico.com\/wp-content\/uploads\/2023\/04\/Imagen-de-WhatsApp-2023-04-09-a-las-20.48.15.jpg?x60776\" target=\"_blank\" rel=\"noopener\"><img decoding=\"async\" src=\"https:\/\/www.infopico.com\/wp-content\/uploads\/2023\/04\/Imagen-de-WhatsApp-2023-04-09-a-las-20.48.15.jpg?x60776\" alt=\"\" class=\"wp-image-222095\"\/><\/a><\/figure>\n\n\n\n<figure class=\"wp-block-image\"><a href=\"https:\/\/www.infopico.com\/wp-content\/uploads\/2023\/04\/Imagen-de-WhatsApp-2023-04-09-a-las-20.48.14.jpg?x60776\" target=\"_blank\" rel=\"noopener\"><img decoding=\"async\" src=\"https:\/\/www.infopico.com\/wp-content\/uploads\/2023\/04\/Imagen-de-WhatsApp-2023-04-09-a-las-20.48.14.jpg?x60776\" alt=\"\" class=\"wp-image-222094\"\/><\/a><\/figure>\n\n\n\n<p>Infopico<\/p>\n","protected":false},"excerpt":{"rendered":"<p>Anoche, cerca del kil\u00f3metro 74 de la Ruta Provincial 1 en sentido Trebolares-Pico, un cami\u00f3n transitaba sin luces y atr\u00e1s<\/p>\n","protected":false},"author":1,"featured_media":10073,"comment_status":"open","ping_status":"open","sticky":false,"template":"","format":"standard","meta":{"colormag_page_container_layout":"default_layout","colormag_page_sidebar_layout":"default_layout","footnotes":""},"categories":[6,56,8],"tags":[],"class_list":["post-10072","post","type-post","status-publish","format-standard","has-post-thumbnail","hentry","category-locales","category-policiales","category-ultimas-noticias"],"_links":{"self":[{"href":"https:\/\/notipampa.com\/index.php?rest_route=\/wp\/v2\/posts\/10072","targetHints":{"allow":["GET"]}}],"collection":[{"href":"https:\/\/notipampa.com\/index.php?rest_route=\/wp\/v2\/posts"}],"about":[{"href":"https:\/\/notipampa.com\/index.php?rest_route=\/wp\/v2\/types\/post"}],"author":[{"embeddable":true,"href":"https:\/\/notipampa.com\/index.php?rest_route=\/wp\/v2\/users\/1"}],"replies":[{"embeddable":true,"href":"https:\/\/notipampa.com\/index.php?rest_route=%2Fwp%2Fv2%2Fcomments&post=10072"}],"version-history":[{"count":1,"href":"https:\/\/notipampa.com\/index.php?rest_route=\/wp\/v2\/posts\/10072\/revisions"}],"predecessor-version":[{"id":10074,"href":"https:\/\/notipampa.com\/index.php?rest_route=\/wp\/v2\/posts\/10072\/revisions\/10074"}],"wp:featuredmedia":[{"embeddable":true,"href":"https:\/\/notipampa.com\/index.php?rest_route=\/wp\/v2\/media\/10073"}],"wp:attachment":[{"href":"https:\/\/notipampa.com\/index.php?rest_route=%2Fwp%2Fv2%2Fmedia&parent=10072"}],"wp:term":[{"taxonomy":"category","embeddable":true,"href":"https:\/\/notipampa.com\/index.php?rest_route=%2Fwp%2Fv2%2Fcategories&post=10072"},{"taxonomy":"post_tag","embeddable":true,"href":"https:\/\/notipampa.com\/index.php?rest_route=%2Fwp%2Fv2%2Ftags&post=10072"}],"curies":[{"name":"wp","href":"https:\/\/api.w.org\/{rel}","templated":true}]}}